{"id":84259,"date":"2025-10-15T14:20:22","date_gmt":"2025-10-15T14:20:22","guid":{"rendered":"https:\/\/www.lab.eus\/?p=84259"},"modified":"2025-10-15T14:20:25","modified_gmt":"2025-10-15T14:20:25","slug":"garbine-aranburu-coordinadora-general-de-lab-estar-a-favor-de-palestina-es-estar-en-contra-de-trump-netanyahu-y-sus-aliados-es-hacer-frente-al-sionismo-al-autoritarismo-y-al-fascismo","status":"publish","type":"post","link":"https:\/\/www.lab.eus\/es\/garbine-aranburu-coordinadora-general-de-lab-estar-a-favor-de-palestina-es-estar-en-contra-de-trump-netanyahu-y-sus-aliados-es-hacer-frente-al-sionismo-al-autoritarismo-y-al-fascismo\/","title":{"rendered":"Garbi\u00f1e Aranburu, coordinadora general de LAB: \u201cEstar a favor de Palestina es estar en contra de Trump, Netanyahu y sus aliados; es hacer frente al sionismo, al autoritarismo y al fascismo\u201d"},"content":{"rendered":"\n<p><strong>Garbi\u00f1e Aranburu ha participado en la manifestaci\u00f3n de Bilbao y ha realizado las siguientes declaraciones ante los medios de comunicaci\u00f3n:<\/strong><\/p>\n\n\n\n<p>\u00abLa jornada de hoy est\u00e1 siendo una gran muestra de solidaridad internacionalista. Miles trabajadores y trabajadoras en la calle, un exitoso d\u00eda de paros y movilizaciones. Hemos vuelto a dejar claro que estamos con el Pueblo Palestino. La situaci\u00f3n de Palestina exige seguir moviliz\u00e1ndose y presionando en todos los \u00e1mbitos:<\/p>\n\n\n\n<p>Por un lado, para evitar que Israel, una vez m\u00e1s, caiga en la tentaci\u00f3n de no cumplir el alto el fuego.&nbsp;<\/p>\n\n\n\n<p>Exigimos que Israel ponga fin a todas las agresiones, una medida que debe contribuir a aliviar la hambruna que sufren las y los habitantes de Gaza en una situaci\u00f3n extrema, a hacer frente a la cat\u00e1strofe de Gaza y, en definitiva, a mejorar el d\u00eda a d\u00eda del pueblo gazat\u00ed.<\/p>\n\n\n\n<p>Por otro lado, el Pueblo Palestino tiene derecho a ser libre desde el r\u00edo Jorn\u00e1n hasta el mar Mediterr\u00e1neo. Reivindicamos una soluci\u00f3n integral: la vuelta a casa de los presos, el retorno de las y los refugiados que as\u00ed lo deseen; el fin de la ocupaci\u00f3n y colonizaci\u00f3n del Pueblo Palestino, y el ejercicio del derecho de autodeterminaci\u00f3n.&nbsp;<\/p>\n\n\n\n<p>Asimismo, queremos fijarnos en las condiciones de trabajo y de vida de la clase trabajadora de Palestina, Gaza est\u00e1 destrozada y no se pueden garantizar unas m\u00ednimas condiciones de vida. Tampoco nos podemos olvidar de que la colonizaci\u00f3n que vive Cisjordania tiene consecuencias muy perjudiciales para la clase trabajadora, est\u00e1n condenando a las y los trabnajadores a unas condiciones de vida precarias.<\/p>\n\n\n\n<p>Por todo esto, pedimos que se juzgue a los responsables del genocidio y decimos que Israel debe ser aislado:<\/p>\n\n\n\n<p>No podemos olvidar que se ha perpetrado un genocidio contra el pueblo palestino, el Estado genocida de Israel ha cometido cr\u00edmenes contra la humanidad, los responsables del genocidio no pueden quedar impunes.<\/p>\n\n\n\n<p>Hay que hacer boicot a Israel en todos los \u00e1mbitos. Hay que romper toda relaci\u00f3n sindical, institucional y comercial con Israel. No se puede hacer negocio a costa del genocidio y la colonizaci\u00f3n y hoy queremos centrarnos especialmente en la responsabilidad que tiene la patronal: pedimos a CONFEBASK y CEN, que tomen una posici\u00f3n clara e interpelen a las empresas, que pidan a las empresas que revisen sus compromisos con Israel para no hacer negocios con Israel.<\/p>\n\n\n\n<p>El \u00e9xito de esta jornada de lucha ha servido para reunir nuevas fuerzas con el fin de seguir reclamando en el futuro solidaridad y soluciones a favor del Pueblo Palestino. Vamos a seguir presionando.<\/p>\n\n\n\n<p>Estar a favor de Palestina es estar en contra de Trump-Netanyahu y sus aliados; es hacer frente al sionismo, el autoritarismo y al fascismo. El nuestro es un pueblo que ha sufrido el fascismo. Lo hemos\u00a0reivindicado en muchas ocasiones: \u00a1no pasar\u00e1n! Y hoy decimos lo mismo respecto a Palestina, \u00a1no pasar\u00e1n! \u00a1Viva Palestina libre!\u201d\u00a0<\/p>\n","protected":false},"excerpt":{"rendered":"<p>Garbi\u00f1e Aranburu ha participado en la manifestaci\u00f3n de Bilbao y ha realizado las siguientes declaraciones ante los medios de comunicaci\u00f3n: \u00abLa jornada de hoy est\u00e1 siendo una gran muestra de solidaridad internacionalista. Miles trabajadores y trabajadoras en la calle, un exitoso d\u00eda de paros y movilizaciones. Hemos vuelto a dejar claro que estamos con el [&hellip;]<\/p>\n","protected":false},"author":1191,"featured_media":84256,"comment_status":"closed","ping_status":"closed","sticky":false,"template":"","format":"standard","meta":{"_monsterinsights_skip_tracking":false,"_monsterinsights_sitenote_active":false,"_monsterinsights_sitenote_note":"","_monsterinsights_sitenote_category":0,"footnotes":"","_links_to":"","_links_to_target":""},"categories":[3402,3283],"tags":[3178,5343,3279],"class_list":{"0":"post-84259","1":"post","2":"type-post","3":"status-publish","4":"format-standard","5":"has-post-thumbnail","7":"category-accion-politica","8":"category-sin-categorizar","9":"tag-destacado-1","10":"tag-langileokpalestinarekin-es","11":"tag-portada-es"},"_links":{"self":[{"href":"https:\/\/www.lab.eus\/es\/wp-json\/wp\/v2\/posts\/84259","targetHints":{"allow":["GET"]}}],"collection":[{"href":"https:\/\/www.lab.eus\/es\/wp-json\/wp\/v2\/posts"}],"about":[{"href":"https:\/\/www.lab.eus\/es\/wp-json\/wp\/v2\/types\/post"}],"author":[{"embeddable":true,"href":"https:\/\/www.lab.eus\/es\/wp-json\/wp\/v2\/users\/1191"}],"replies":[{"embeddable":true,"href":"https:\/\/www.lab.eus\/es\/wp-json\/wp\/v2\/comments?post=84259"}],"version-history":[{"count":1,"href":"https:\/\/www.lab.eus\/es\/wp-json\/wp\/v2\/posts\/84259\/revisions"}],"predecessor-version":[{"id":84260,"href":"https:\/\/www.lab.eus\/es\/wp-json\/wp\/v2\/posts\/84259\/revisions\/84260"}],"wp:featuredmedia":[{"embeddable":true,"href":"https:\/\/www.lab.eus\/es\/wp-json\/wp\/v2\/media\/84256"}],"wp:attachment":[{"href":"https:\/\/www.lab.eus\/es\/wp-json\/wp\/v2\/media?parent=84259"}],"wp:term":[{"taxonomy":"category","embeddable":true,"href":"https:\/\/www.lab.eus\/es\/wp-json\/wp\/v2\/categories?post=84259"},{"taxonomy":"post_tag","embeddable":true,"href":"https:\/\/www.lab.eus\/es\/wp-json\/wp\/v2\/tags?post=84259"}],"curies":[{"name":"wp","href":"https:\/\/api.w.org\/{rel}","templated":true}]}}