{"id":84235,"date":"2025-10-15T09:51:22","date_gmt":"2025-10-15T09:51:22","guid":{"rendered":"https:\/\/www.lab.eus\/?p=84235"},"modified":"2025-10-15T09:51:24","modified_gmt":"2025-10-15T09:51:24","slug":"los-primeros-datos-auguran-un-gran-seguimiento-en-el-paro-general-por-palestina-habra-ampliacion","status":"publish","type":"post","link":"https:\/\/www.lab.eus\/es\/los-primeros-datos-auguran-un-gran-seguimiento-en-el-paro-general-por-palestina-habra-ampliacion\/","title":{"rendered":"Los primeros datos auguran un gran seguimiento en el paro general por Palestina (Habr\u00e1 ampliaci\u00f3n)"},"content":{"rendered":"\n<p><strong>Los primeros datos recabados por los sindicatos convocantes (LAB, CCOO, UGT, ESK, STEILAS, CGT, Etxalde, EHNE-Nafarroa, Solidari e HIRU) confirman que el paro general convocado para hoy en Araba, Bizkaia, Gipuzkoa y Nafarroa est\u00e1 teniendo un gran seguimiento.<\/strong><\/p>\n\n\n\n<p>Han parado mayoritaria o totalmente empresas como CAF de Beasain, Irun y Lebario, Indar de Beasain, Arcelor Olabarria, Jaso de Itsasondo, Indaux, Nemak, Hijos Juan de Garay y Natra Zahor de O\u00f1ati, Biele de Azpeitia, Torraspapel de Leitza, Aceros Moldeados, Guerra Hermanos, La Barranquesa, Acciona Irunberri, Kybse, Cementos Lemona, Gestamp Bizkaia, Cemosa, Forging, Consonni, Con Protec Arisawa, Unilever, Auria Solutions, PEPSI Gasteiz, Laminaciones Arregui, Astigarraga kidline, Sapa, Mendiola, Sammic y la editorial Elkar. Tambi\u00e9n han parado cooperativas como Ulma de O\u00f1ati, Fagor Automation y Fagor Ederlan, Copreci de Arrasate, HUHEZI de Eskoriatza y Aretxabaleta o Sakana Cooperativa de Lakuntza. Gran parte de las gasolineras han funcionado \u00fanicamente en servicios m\u00ednimos.&nbsp;<\/p>\n\n\n\n<p>Igualmente, el paro ha tenido una incidencia notable en grandes empresas como Mercedes, Volkswagen Navarra, Cinfa, KSB ITUR, Sidenor Basauri, MESA Mungia, MASA, Radimer Forjas de Berriz, ECS Zaldibar, Mondy, Arteche, Aludium, ZIV, Arcelor Mittal Tubular Legutio. En algunas de ellas y en otras como Arcelor Sestao se ha parado la producci\u00f3n.&nbsp;<\/p>\n\n\n\n<p>En los servicios p\u00fablicos, incluidas las subcontratas, se han registrado paros significativos y movilizaciones en Eusko Jaurlaritza, Gobierno de Navarra, Osakidetza, Osasunbidea, EiTB, Museo Guggenheim, Autoridad Portuaria, los parques de bomberos, transporte p\u00fablico (con la suspensi\u00f3n de doce l\u00edneas urbanas en Donostia y Euskotren en servicios m\u00ednimos), administraci\u00f3n de justicia, las tres Diputaciones forales y las Universidades. Han cerrado una veintena de Ayuntamientos, entre ellos los de Usurbil, Hernani, Astigarraga, Beasain, Zizurkil, Ordizia y Bergara, as\u00ed como numerosos polideportivos municipales.&nbsp;<\/p>\n\n\n\n<p>En la educaci\u00f3n p\u00fablica e ikastolas el seguimiento ha sido mayoritario y se ha anunciado el cierre de pr\u00e1cticamente la totalidad de los comedores escolares. Una primera muestra de seguimiento arroja las siguientes cifras: respecto a la educaci\u00f3n p\u00fablica, en Gipuzkoa y Bizkaia se situar\u00eda en torno al 60%, en Araba el seguimiento superar\u00eda ese porcentaje, mientras que en Nafarroa ser\u00eda sensiblemente menor; por otro lado, en Haurreskolak Patzuergoa el seguimiento ha sido del 85% y en las ikastolas el seguimiento alcanzar\u00eda el 80%.&nbsp;<\/p>\n","protected":false},"excerpt":{"rendered":"<p>Los primeros datos recabados por los sindicatos convocantes (LAB, CCOO, UGT, ESK, STEILAS, CGT, Etxalde, EHNE-Nafarroa, Solidari e HIRU) confirman que el paro general convocado para hoy en Araba, Bizkaia, Gipuzkoa y Nafarroa est\u00e1 teniendo un gran seguimiento. Han parado mayoritaria o totalmente empresas como CAF de Beasain, Irun y Lebario, Indar de Beasain, Arcelor [&hellip;]<\/p>\n","protected":false},"author":1191,"featured_media":84233,"comment_status":"closed","ping_status":"closed","sticky":false,"template":"","format":"standard","meta":{"_monsterinsights_skip_tracking":false,"_monsterinsights_sitenote_active":false,"_monsterinsights_sitenote_note":"","_monsterinsights_sitenote_category":0,"footnotes":"","_links_to":"","_links_to_target":""},"categories":[3402],"tags":[3033,3178,5343,3193,3279],"class_list":{"0":"post-84235","1":"post","2":"type-post","3":"status-publish","4":"format-standard","5":"has-post-thumbnail","7":"category-accion-politica","8":"tag-accion-sindical-es","9":"tag-destacado-1","10":"tag-langileokpalestinarekin-es","11":"tag-palestina-es","12":"tag-portada-es"},"_links":{"self":[{"href":"https:\/\/www.lab.eus\/es\/wp-json\/wp\/v2\/posts\/84235","targetHints":{"allow":["GET"]}}],"collection":[{"href":"https:\/\/www.lab.eus\/es\/wp-json\/wp\/v2\/posts"}],"about":[{"href":"https:\/\/www.lab.eus\/es\/wp-json\/wp\/v2\/types\/post"}],"author":[{"embeddable":true,"href":"https:\/\/www.lab.eus\/es\/wp-json\/wp\/v2\/users\/1191"}],"replies":[{"embeddable":true,"href":"https:\/\/www.lab.eus\/es\/wp-json\/wp\/v2\/comments?post=84235"}],"version-history":[{"count":1,"href":"https:\/\/www.lab.eus\/es\/wp-json\/wp\/v2\/posts\/84235\/revisions"}],"predecessor-version":[{"id":84236,"href":"https:\/\/www.lab.eus\/es\/wp-json\/wp\/v2\/posts\/84235\/revisions\/84236"}],"wp:featuredmedia":[{"embeddable":true,"href":"https:\/\/www.lab.eus\/es\/wp-json\/wp\/v2\/media\/84233"}],"wp:attachment":[{"href":"https:\/\/www.lab.eus\/es\/wp-json\/wp\/v2\/media?parent=84235"}],"wp:term":[{"taxonomy":"category","embeddable":true,"href":"https:\/\/www.lab.eus\/es\/wp-json\/wp\/v2\/categories?post=84235"},{"taxonomy":"post_tag","embeddable":true,"href":"https:\/\/www.lab.eus\/es\/wp-json\/wp\/v2\/tags?post=84235"}],"curies":[{"name":"wp","href":"https:\/\/api.w.org\/{rel}","templated":true}]}}