{"id":84211,"date":"2025-10-16T14:23:36","date_gmt":"2025-10-16T14:23:36","guid":{"rendered":"https:\/\/www.lab.eus\/?p=84211"},"modified":"2025-10-16T14:23:36","modified_gmt":"2025-10-16T14:23:36","slug":"lab-prolongara-hasta-el-31-de-octubre-la-campana-de-solidaridad-con-cuba","status":"publish","type":"post","link":"https:\/\/www.lab.eus\/es\/lab-prolongara-hasta-el-31-de-octubre-la-campana-de-solidaridad-con-cuba\/","title":{"rendered":"LAB prolongar\u00e1 hasta el 31 de octubre la campa\u00f1a de solidaridad con Cuba"},"content":{"rendered":"\n<p>La campa\u00f1a <em>Langileon elkartasunez, blokeoa hautsi!<\/em> de recaudaci\u00f3n de medicamentos, materiales sanitarios y aportaciones econ\u00f3micas para la compra de marcapasos para Cuba, iniciada el 1 de septiembre, ha superado todas las expectativas. Gracias a la solidaridad de las y los delegados sanitarios de LAB y al trabajo militante de toda la afiliaci\u00f3n, los resultados han sido inauditos.<\/p>\n\n\n\n<p>Durante este periodo, las 22 sedes de LAB habilitadas para la recogida de materiales y los centros de salud en los que LAB tiene representaci\u00f3n sindical han vivido una verdadera avalancha de solidaridad. Pasillos colapsados con cajas de donaci\u00f3n que iban del suelo al techo, llamadas diarias de delegadas y delegados para canalizar sus aportaciones, el cargamento de un cami\u00f3n entero en la sede de Iru\u00f1ea antes del cierre de la campa\u00f1a y el coloquio entre la di\u00e1spora cubana y sindicalistas de LAB que llen\u00f3 Errondabide en Bilbao son algunos ejemplos de la oleada internacionalista vivida durante la campa\u00f1a.<\/p>\n\n\n\n<p>Por todo ello, y, atendiendo a las demandas de la militancia de LAB en las comarcas en las que se siguen recaudando donaciones considerables en los diferentes territorios, conjuntamente con las asociaciones Euskadi-Cuba, Sierra Maestra y Desembarco del Grama, LAB ha decidido posponer el cierre de la campa\u00f1a al 31 de octubre. Por lo tanto, quienes todav\u00eda no han podido hacer su aportaci\u00f3n lo podr\u00e1n hacer hasta esa fecha.<\/p>\n\n\n\n<p>Tal como se denunci\u00f3 al inicio de la campa\u00f1a, las recientes medidas coercitivas aprobadas por el gobierno de Donald Trump contra Cuba, sumadas a las 243 medidas aplicadas en los \u00faltimos 5 a\u00f1os, obligan a empresas farmac\u00e9uticas y proveedores internacionales a negar suministros a Cuba, por temor a represalias econ\u00f3micas de EE.UU. Adem\u00e1s, la inclusi\u00f3n de la isla por parte de EE.UU en su lista de pa\u00edses \u201cpatrocinadores del terrorismo\u201d conlleva sanciones financieras que impiden a Cuba acceder a cr\u00e9ditos internacionales para comprar material sanitario. Hoy, los hospitales y farmacias de Cuba apenas cuentan con el 30 % del cuadro b\u00e1sico de medicamentos.<\/p>\n\n\n\n<p><strong>\u00bfC\u00f3mo se puede contribuir?<\/strong><\/p>\n\n\n\n<p>Se recoger\u00e1n todo tipo de medicamentos (salvo l\u00edquidos) con caducidad m\u00ednima de 2026. Tambi\u00e9n insumos, jeringuillas, guantes, esparadrapos, vendas, sondas, suturas y productos de higiene como pa\u00f1ales, compresas y preservativos. Para ello, se han habilitado las sedes de LAB en diferentes zonas de Hego Euskal Herria:<\/p>\n\n\n\n<ul class=\"wp-block-list\">\n<li>Araba: Gasteiz y Laudio.<\/li>\n\n\n\n<li>Bizkaia: Bilbo, Barakaldo, Durango, Gernika y Ondarroa.<\/li>\n\n\n\n<li>Gipuzkoa: Donostia (Gros), Irun, Orereta, Hernani, Tolosa, Beasain, Zumarraga, Zarautz, Eibar, Bergara y Arrasate.<\/li>\n\n\n\n<li>Nafarroa: Iru\u00f1a, Lizarra, Tutera y Altsasu.<\/li>\n<\/ul>\n\n\n\n<p>En los hospitales y centros de salud, las y los delegados de LAB en Osakidetza y Osasunbidea se encargar\u00e1n de la recogida. Por otro lado, la aportaci\u00f3n a la compra de marcapasos se har\u00e1 mediante ingreso econ\u00f3mico en la siguiente cuenta corriente: ES35 3035 0134 43 1340059271 (Caja Laboral \u2013 Euskadi-Cuba) o Bizum (C\u00f3digo 04713 \u2013 Concepto: \u201cMarcapasos\u201d).<\/p>\n\n\n\n<p>El sistema de salud cubano no solo ha beneficiado a la clase trabajadora cubana, sino que ha extendido su solidaridad a otros pa\u00edses del mundo. Ahora es el momento de apoyarlo. Desde Euskal Herria, el sindicato LAB se solidariza con Cuba, y hace un llamamiento a participar en esta campa\u00f1a de solidaridad.<\/p>\n\n\n\n<figure class=\"wp-block-gallery has-nested-images columns-default is-cropped wp-block-gallery-1 is-layout-flex wp-block-gallery-is-layout-flex\">\n<figure class=\"wp-block-image size-large\"><img loading=\"lazy\" decoding=\"async\" width=\"1024\" height=\"695\" data-id=\"84222\" src=\"https:\/\/www.lab.eus\/wp-content\/uploads\/2025\/10\/2-3-1024x695.jpg\" alt=\"\" class=\"wp-image-84222\" srcset=\"https:\/\/www.lab.eus\/wp-content\/uploads\/2025\/10\/2-3-1024x695.jpg 1024w, https:\/\/www.lab.eus\/wp-content\/uploads\/2025\/10\/2-3-300x204.jpg 300w, https:\/\/www.lab.eus\/wp-content\/uploads\/2025\/10\/2-3-768x521.jpg 768w, https:\/\/www.lab.eus\/wp-content\/uploads\/2025\/10\/2-3-1536x1042.jpg 1536w, https:\/\/www.lab.eus\/wp-content\/uploads\/2025\/10\/2-3-2048x1389.jpg 2048w, https:\/\/www.lab.eus\/wp-content\/uploads\/2025\/10\/2-3-619x420.jpg 619w, https:\/\/www.lab.eus\/wp-content\/uploads\/2025\/10\/2-3-150x102.jpg 150w, https:\/\/www.lab.eus\/wp-content\/uploads\/2025\/10\/2-3-696x472.jpg 696w, https:\/\/www.lab.eus\/wp-content\/uploads\/2025\/10\/2-3-1068x725.jpg 1068w, https:\/\/www.lab.eus\/wp-content\/uploads\/2025\/10\/2-3-1920x1303.jpg 1920w\" sizes=\"auto, (max-width: 1024px) 100vw, 1024px\" \/><\/figure>\n\n\n\n<figure class=\"wp-block-image size-large\"><img loading=\"lazy\" decoding=\"async\" width=\"1024\" height=\"578\" data-id=\"84212\" src=\"https:\/\/www.lab.eus\/wp-content\/uploads\/2025\/10\/3-3-1024x578.jpg\" alt=\"\" class=\"wp-image-84212\" srcset=\"https:\/\/www.lab.eus\/wp-content\/uploads\/2025\/10\/3-3-1024x578.jpg 1024w, https:\/\/www.lab.eus\/wp-content\/uploads\/2025\/10\/3-3-300x169.jpg 300w, https:\/\/www.lab.eus\/wp-content\/uploads\/2025\/10\/3-3-768x433.jpg 768w, https:\/\/www.lab.eus\/wp-content\/uploads\/2025\/10\/3-3-745x420.jpg 745w, https:\/\/www.lab.eus\/wp-content\/uploads\/2025\/10\/3-3-150x85.jpg 150w, https:\/\/www.lab.eus\/wp-content\/uploads\/2025\/10\/3-3-696x393.jpg 696w, https:\/\/www.lab.eus\/wp-content\/uploads\/2025\/10\/3-3-1068x602.jpg 1068w, https:\/\/www.lab.eus\/wp-content\/uploads\/2025\/10\/3-3.jpg 1280w\" sizes=\"auto, (max-width: 1024px) 100vw, 1024px\" \/><\/figure>\n\n\n\n<figure class=\"wp-block-image size-large\"><img loading=\"lazy\" decoding=\"async\" width=\"550\" height=\"367\" data-id=\"84213\" src=\"https:\/\/www.lab.eus\/wp-content\/uploads\/2025\/10\/4-3.jpg\" alt=\"\" class=\"wp-image-84213\" srcset=\"https:\/\/www.lab.eus\/wp-content\/uploads\/2025\/10\/4-3.jpg 550w, https:\/\/www.lab.eus\/wp-content\/uploads\/2025\/10\/4-3-300x200.jpg 300w, https:\/\/www.lab.eus\/wp-content\/uploads\/2025\/10\/4-3-150x100.jpg 150w\" sizes=\"auto, (max-width: 550px) 100vw, 550px\" \/><\/figure>\n\n\n\n<figure class=\"wp-block-image size-large\"><img loading=\"lazy\" decoding=\"async\" width=\"768\" height=\"1024\" data-id=\"84218\" src=\"https:\/\/www.lab.eus\/wp-content\/uploads\/2025\/10\/labirunea005-1-768x1024.jpeg\" alt=\"\" class=\"wp-image-84218\" srcset=\"https:\/\/www.lab.eus\/wp-content\/uploads\/2025\/10\/labirunea005-1-768x1024.jpeg 768w, https:\/\/www.lab.eus\/wp-content\/uploads\/2025\/10\/labirunea005-1-225x300.jpeg 225w, https:\/\/www.lab.eus\/wp-content\/uploads\/2025\/10\/labirunea005-1-315x420.jpeg 315w, https:\/\/www.lab.eus\/wp-content\/uploads\/2025\/10\/labirunea005-1-150x200.jpeg 150w, https:\/\/www.lab.eus\/wp-content\/uploads\/2025\/10\/labirunea005-1-300x400.jpeg 300w, https:\/\/www.lab.eus\/wp-content\/uploads\/2025\/10\/labirunea005-1-696x928.jpeg 696w, https:\/\/www.lab.eus\/wp-content\/uploads\/2025\/10\/labirunea005-1.jpeg 960w\" sizes=\"auto, (max-width: 768px) 100vw, 768px\" \/><\/figure>\n\n\n\n<figure class=\"wp-block-image size-large\"><img loading=\"lazy\" decoding=\"async\" width=\"1024\" height=\"768\" data-id=\"84217\" src=\"https:\/\/www.lab.eus\/wp-content\/uploads\/2025\/10\/labirunea012-1-1024x768.jpg\" alt=\"\" class=\"wp-image-84217\" srcset=\"https:\/\/www.lab.eus\/wp-content\/uploads\/2025\/10\/labirunea012-1-1024x768.jpg 1024w, https:\/\/www.lab.eus\/wp-content\/uploads\/2025\/10\/labirunea012-1-300x225.jpg 300w, https:\/\/www.lab.eus\/wp-content\/uploads\/2025\/10\/labirunea012-1-768x576.jpg 768w, https:\/\/www.lab.eus\/wp-content\/uploads\/2025\/10\/labirunea012-1-1536x1152.jpg 1536w, https:\/\/www.lab.eus\/wp-content\/uploads\/2025\/10\/labirunea012-1-560x420.jpg 560w, https:\/\/www.lab.eus\/wp-content\/uploads\/2025\/10\/labirunea012-1-80x60.jpg 80w, https:\/\/www.lab.eus\/wp-content\/uploads\/2025\/10\/labirunea012-1-150x113.jpg 150w, https:\/\/www.lab.eus\/wp-content\/uploads\/2025\/10\/labirunea012-1-696x522.jpg 696w, https:\/\/www.lab.eus\/wp-content\/uploads\/2025\/10\/labirunea012-1-1068x801.jpg 1068w, https:\/\/www.lab.eus\/wp-content\/uploads\/2025\/10\/labirunea012-1-1920x1440.jpg 1920w, https:\/\/www.lab.eus\/wp-content\/uploads\/2025\/10\/labirunea012-1.jpg 2000w\" sizes=\"auto, (max-width: 1024px) 100vw, 1024px\" \/><\/figure>\n<\/figure>\n","protected":false},"excerpt":{"rendered":"<p>La campa\u00f1a Langileon elkartasunez, blokeoa hautsi! de recaudaci\u00f3n de medicamentos, materiales sanitarios y aportaciones econ\u00f3micas para la compra de marcapasos para Cuba, iniciada el 1 de septiembre, ha superado todas las expectativas. Gracias a la solidaridad de las y los delegados sanitarios de LAB y al trabajo militante de toda la afiliaci\u00f3n, los resultados han sido inauditos.<\/p>\n","protected":false},"author":1191,"featured_media":84169,"comment_status":"closed","ping_status":"closed","sticky":false,"template":"","format":"standard","meta":{"_monsterinsights_skip_tracking":false,"_monsterinsights_sitenote_active":false,"_monsterinsights_sitenote_note":"","_monsterinsights_sitenote_category":0,"footnotes":"","_links_to":"","_links_to_target":""},"categories":[3402,18,4,2973,3283],"tags":[3178],"class_list":{"0":"post-84211","1":"post","2":"type-post","3":"status-publish","4":"format-standard","5":"has-post-thumbnail","7":"category-accion-politica","8":"category-es-accion-sindical","9":"category-es-internacional","10":"category-secretarias","11":"category-sin-categorizar","12":"tag-destacado-1"},"_links":{"self":[{"href":"https:\/\/www.lab.eus\/es\/wp-json\/wp\/v2\/posts\/84211","targetHints":{"allow":["GET"]}}],"collection":[{"href":"https:\/\/www.lab.eus\/es\/wp-json\/wp\/v2\/posts"}],"about":[{"href":"https:\/\/www.lab.eus\/es\/wp-json\/wp\/v2\/types\/post"}],"author":[{"embeddable":true,"href":"https:\/\/www.lab.eus\/es\/wp-json\/wp\/v2\/users\/1191"}],"replies":[{"embeddable":true,"href":"https:\/\/www.lab.eus\/es\/wp-json\/wp\/v2\/comments?post=84211"}],"version-history":[{"count":2,"href":"https:\/\/www.lab.eus\/es\/wp-json\/wp\/v2\/posts\/84211\/revisions"}],"predecessor-version":[{"id":84448,"href":"https:\/\/www.lab.eus\/es\/wp-json\/wp\/v2\/posts\/84211\/revisions\/84448"}],"wp:featuredmedia":[{"embeddable":true,"href":"https:\/\/www.lab.eus\/es\/wp-json\/wp\/v2\/media\/84169"}],"wp:attachment":[{"href":"https:\/\/www.lab.eus\/es\/wp-json\/wp\/v2\/media?parent=84211"}],"wp:term":[{"taxonomy":"category","embeddable":true,"href":"https:\/\/www.lab.eus\/es\/wp-json\/wp\/v2\/categories?post=84211"},{"taxonomy":"post_tag","embeddable":true,"href":"https:\/\/www.lab.eus\/es\/wp-json\/wp\/v2\/tags?post=84211"}],"curies":[{"name":"wp","href":"https:\/\/api.w.org\/{rel}","templated":true}]}}