{"id":84159,"date":"2025-10-14T13:48:24","date_gmt":"2025-10-14T13:48:24","guid":{"rendered":"https:\/\/www.lab.eus\/?p=84159"},"modified":"2025-10-14T13:48:27","modified_gmt":"2025-10-14T13:48:27","slug":"las-plantilla-de-digi-una-vez-mas-a-la-huelga-para-denunciar-la-condiciones-precarias-y-hacer-frente-a-la-imposicion-del-convenio-estatal","status":"publish","type":"post","link":"https:\/\/www.lab.eus\/es\/las-plantilla-de-digi-una-vez-mas-a-la-huelga-para-denunciar-la-condiciones-precarias-y-hacer-frente-a-la-imposicion-del-convenio-estatal\/","title":{"rendered":"Las plantilla de Digi, una vez mas, a la huelga para denunciar la condiciones precarias y hacer frente a la imposici\u00f3n del Convenio Estatal"},"content":{"rendered":"\n<p><strong>Hoy, 14 de octubre de 2025, las personas trabajadoras de las empresa Digi en Araba y Bizkaia han dado comienzo a otros tres d\u00edas de huelga y movilizaciones para denunciar la precarizaci\u00f3n de sus condiciones laborales, que se ver\u00e1n agravadas con la aplicaci\u00f3n del Convenio Estatal que han negociado UGT y CCOO en Madrid. Las jornadas de huelga se han convocan para los d\u00edas 14, 15 y 16 de octubre, un planteamiento al que se han sumado ya varias delegaciones de Euskal Herria (Gipuzkoa \/ Nafarroa) , as\u00ed como de Cantabria, Galiza y Asturies.<\/strong><\/p>\n\n\n\n<p>En el mes de marzo de este mismo a\u00f1o la empresa y los sindicatos mayoritarios (CCOO y UGT) a nivel de estado espa\u00f1ol abrieron una mesa de negociaci\u00f3n sin contar con las RLTs de los centros de trabajo de Euskal Herria. Acordaron un Convenio Estatal a espaldas de estas y regulando condiciones laborales, que por lo general, empeoran notablemente las condiciones actuales de las personas trabajadoras de Digi. Adem\u00e1s de pasar por encima de los Convenios sectoriales de cada provincia que regulan las actuales relaciones laborales en Digi Spain Telecom.<\/p>\n\n\n\n<p>Como respuesta a esta ofensiva, y para paralizar la precarizaci\u00f3n de las condiciones laborales que nos quieren imponer desde Madrid, las personas trabajadoras siguen movilizandose para poder negociar en cada delegaci\u00f3n unas condiciones laborales dignas y que tengan en cuenta la realidad de cada territorio.<\/p>\n\n\n\n<p>Desde LAB, queremos denunciar la actitud tanto de la empresa como de los sindicatos CCOO y UGT, que pretende negar nuestro derecho a decidir cu\u00e1les deben ser las relaciones laborales en Euskal Herria.<\/p>\n\n\n\n<p>Exigimos a la empresa a que deje de a un lado su actitud impositora y se siente en una mesa para escuchar a los y las trabajadoras de DIGI de Euskal Herria.<\/p>\n\n\n\n<p class=\"has-text-align-center\"><strong>\u00a1No a la precarizaci\u00f3n de las condicones laborales en DIGI!<\/strong><\/p>\n\n\n\n<p class=\"has-text-align-center\"><strong>Porque la lucha es el \u00fanico camino. Hemen lan egin, hemen erabaki!<\/strong><\/p>\n\n\n\n<p><\/p>\n","protected":false},"excerpt":{"rendered":"<p>Hoy, 14 de octubre de 2025, las personas trabajadoras de las empresa Digi en Araba y Bizkaia han dado comienzo a otros tres d\u00edas de huelga y movilizaciones para denunciar la precarizaci\u00f3n de sus condiciones laborales, que se ver\u00e1n agravadas con la aplicaci\u00f3n del Convenio Estatal que han negociado UGT y CCOO en Madrid. Las [&hellip;]<\/p>\n","protected":false},"author":1191,"featured_media":84157,"comment_status":"closed","ping_status":"closed","sticky":false,"template":"","format":"standard","meta":{"_monsterinsights_skip_tracking":false,"_monsterinsights_sitenote_active":false,"_monsterinsights_sitenote_note":"","_monsterinsights_sitenote_category":0,"footnotes":"","_links_to":"","_links_to_target":""},"categories":[18,8],"tags":[3033,3178,3172],"class_list":{"0":"post-84159","1":"post","2":"type-post","3":"status-publish","4":"format-standard","5":"has-post-thumbnail","7":"category-es-accion-sindical","8":"category-es-servicios-privados","9":"tag-accion-sindical-es","10":"tag-destacado-1","11":"tag-servicios-privados-es"},"_links":{"self":[{"href":"https:\/\/www.lab.eus\/es\/wp-json\/wp\/v2\/posts\/84159","targetHints":{"allow":["GET"]}}],"collection":[{"href":"https:\/\/www.lab.eus\/es\/wp-json\/wp\/v2\/posts"}],"about":[{"href":"https:\/\/www.lab.eus\/es\/wp-json\/wp\/v2\/types\/post"}],"author":[{"embeddable":true,"href":"https:\/\/www.lab.eus\/es\/wp-json\/wp\/v2\/users\/1191"}],"replies":[{"embeddable":true,"href":"https:\/\/www.lab.eus\/es\/wp-json\/wp\/v2\/comments?post=84159"}],"version-history":[{"count":1,"href":"https:\/\/www.lab.eus\/es\/wp-json\/wp\/v2\/posts\/84159\/revisions"}],"predecessor-version":[{"id":84160,"href":"https:\/\/www.lab.eus\/es\/wp-json\/wp\/v2\/posts\/84159\/revisions\/84160"}],"wp:featuredmedia":[{"embeddable":true,"href":"https:\/\/www.lab.eus\/es\/wp-json\/wp\/v2\/media\/84157"}],"wp:attachment":[{"href":"https:\/\/www.lab.eus\/es\/wp-json\/wp\/v2\/media?parent=84159"}],"wp:term":[{"taxonomy":"category","embeddable":true,"href":"https:\/\/www.lab.eus\/es\/wp-json\/wp\/v2\/categories?post=84159"},{"taxonomy":"post_tag","embeddable":true,"href":"https:\/\/www.lab.eus\/es\/wp-json\/wp\/v2\/tags?post=84159"}],"curies":[{"name":"wp","href":"https:\/\/api.w.org\/{rel}","templated":true}]}}