{"id":84149,"date":"2025-10-14T13:34:59","date_gmt":"2025-10-14T13:34:59","guid":{"rendered":"https:\/\/www.lab.eus\/?p=84149"},"modified":"2025-10-14T13:36:41","modified_gmt":"2025-10-14T13:36:41","slug":"convocaremos-huelga-en-fibertecnic-de-gasteiz","status":"publish","type":"post","link":"https:\/\/www.lab.eus\/es\/convocaremos-huelga-en-fibertecnic-de-gasteiz\/","title":{"rendered":"Convocaremos huelga en FIBERTECNIC de Gasteiz"},"content":{"rendered":"\n<p><strong>El comit\u00e9 ha convocado huelgas los d\u00edas 16, 21 y 23 de octubre, ya que la negociaci\u00f3n del convenio est\u00e1 bloqueada.<\/strong><\/p>\n\n\n\n<p>La empresa vitoriana Fibertecnic es una empresa del grupo Aernnova, que trabaja en el sector qu\u00edmico. Las cerca de 160 personas que trabajan all\u00ed desarrollan componentes dentro de la multinacional de la aviaci\u00f3n.<\/p>\n\n\n\n<p>La negociaci\u00f3n se inici\u00f3 en mayo y, tras 9 reuniones, no hay ning\u00fan avance. La empresa est\u00e1 empe\u00f1ada en no garantizar el poder adquisitivo y adem\u00e1s ha introducido una doble escala para perpetuar las nuevas contrataciones en las categor\u00edas m\u00e1s precarias. As\u00ed pues, en la asamblea de trabajadores celebrada el pasado 10 de octubre, la mayor\u00eda se mostr\u00f3 partidaria de convocar huelga. Respondiendo a lo que decidido en la Asamblea, el Comit\u00e9 de Empresa ha convocado una huelga de 3 d\u00edas para los pr\u00f3ximos d\u00edas 16, 21 y 23 de octubre. Hacemos un llamamiento a la empresa para que escuche las peticiones de la plantilla y negocie el convenio que se merecen, garantizando su capacidad adquisitiva, mejorando las medidas de conciliaci\u00f3n, sin retrocesos ni dobles escalas<\/p>\n","protected":false},"excerpt":{"rendered":"<p>El comit\u00e9 ha convocado huelgas los d\u00edas 16, 21 y 23 de octubre, ya que la negociaci\u00f3n del convenio est\u00e1 bloqueada. La empresa vitoriana Fibertecnic es una empresa del grupo Aernnova, que trabaja en el sector qu\u00edmico. Las cerca de 160 personas que trabajan all\u00ed desarrollan componentes dentro de la multinacional de la aviaci\u00f3n. La [&hellip;]<\/p>\n","protected":false},"author":1191,"featured_media":84151,"comment_status":"closed","ping_status":"closed","sticky":false,"template":"","format":"standard","meta":{"_monsterinsights_skip_tracking":false,"_monsterinsights_sitenote_active":false,"_monsterinsights_sitenote_note":"","_monsterinsights_sitenote_category":0,"footnotes":"","_links_to":"","_links_to_target":""},"categories":[18],"tags":[3033,3178],"class_list":{"0":"post-84149","1":"post","2":"type-post","3":"status-publish","4":"format-standard","5":"has-post-thumbnail","7":"category-es-accion-sindical","8":"tag-accion-sindical-es","9":"tag-destacado-1"},"_links":{"self":[{"href":"https:\/\/www.lab.eus\/es\/wp-json\/wp\/v2\/posts\/84149","targetHints":{"allow":["GET"]}}],"collection":[{"href":"https:\/\/www.lab.eus\/es\/wp-json\/wp\/v2\/posts"}],"about":[{"href":"https:\/\/www.lab.eus\/es\/wp-json\/wp\/v2\/types\/post"}],"author":[{"embeddable":true,"href":"https:\/\/www.lab.eus\/es\/wp-json\/wp\/v2\/users\/1191"}],"replies":[{"embeddable":true,"href":"https:\/\/www.lab.eus\/es\/wp-json\/wp\/v2\/comments?post=84149"}],"version-history":[{"count":1,"href":"https:\/\/www.lab.eus\/es\/wp-json\/wp\/v2\/posts\/84149\/revisions"}],"predecessor-version":[{"id":84150,"href":"https:\/\/www.lab.eus\/es\/wp-json\/wp\/v2\/posts\/84149\/revisions\/84150"}],"wp:featuredmedia":[{"embeddable":true,"href":"https:\/\/www.lab.eus\/es\/wp-json\/wp\/v2\/media\/84151"}],"wp:attachment":[{"href":"https:\/\/www.lab.eus\/es\/wp-json\/wp\/v2\/media?parent=84149"}],"wp:term":[{"taxonomy":"category","embeddable":true,"href":"https:\/\/www.lab.eus\/es\/wp-json\/wp\/v2\/categories?post=84149"},{"taxonomy":"post_tag","embeddable":true,"href":"https:\/\/www.lab.eus\/es\/wp-json\/wp\/v2\/tags?post=84149"}],"curies":[{"name":"wp","href":"https:\/\/api.w.org\/{rel}","templated":true}]}}