{"id":84141,"date":"2025-10-14T11:45:59","date_gmt":"2025-10-14T11:45:59","guid":{"rendered":"https:\/\/www.lab.eus\/?p=84141"},"modified":"2025-10-14T11:46:02","modified_gmt":"2025-10-14T11:46:02","slug":"pensiones-minimas-estrategia-de-cuidados-y-la-solidaridad-con-palestina-principales-temas-de-la-asamblea-nacional-del-area-de-pensionistas-del-sindicato-lab","status":"publish","type":"post","link":"https:\/\/www.lab.eus\/es\/pensiones-minimas-estrategia-de-cuidados-y-la-solidaridad-con-palestina-principales-temas-de-la-asamblea-nacional-del-area-de-pensionistas-del-sindicato-lab\/","title":{"rendered":"Pensiones m\u00ednimas, estrategia de cuidados y la solidaridad con Palestina, principales temas de la asamblea nacional del \u00e1rea de pensionistas del sindicato LAB"},"content":{"rendered":"\n<p>El \u00e1rea de pensionistas del sindicato LAB ha celebrado la Asamblea Nacional de comienzo de curso, con presencia de m\u00e1s de un centenar de militantes. Militantes procedentes de diversas localidades de Hego Euskal Herria se han reunido para hablar sobre el contexto sociopol\u00edtico en el Civibox de Errotxapea as\u00ed como definir los retos de los pr\u00f3ximos meses.<br><br>El coordinador general, Igor Arroyo, a realizado la apertura destacando el valor del sindicalismo transformador de LAB. \u00abLAB se organiza en centros de trabajo y tambi\u00e9n fuera de ellos, lucha por las condiciones de trabajo y tambie\u00e1n de vida ya sea tras finalizar la vida laboral u organizando paros generales para denunciar el genocidio en Palestina. Esa es nuestra sindicalizaci\u00f3n sociopol\u00edtica\u00bb.<br><br>Arroyo ha realizado la presentaci\u00f3n de los retos del sindicato y destacado la militancia en el \u00e1rea y subrayado el valor del paro general que se llevar\u00e1 a cabo ma\u00f1ana \u00abHemos hecho un esfuerzo constante por dar una respuesta lo m\u00e1s unitaria posible, hemos trabajado para articular la respuesta que se merece desde Euskal Herria y hemos conseguido lo que no se ha hecho desde 2008, hemos construido las condiciones de un paro pol\u00edtico con \u00e9xito en los centros de trabajo. La de ma\u00f1ana ser\u00e1 una de las iniciativas m\u00e1s potentes junto a Italia en los dos \u00faltimos a\u00f1os para pedir solidaridad con Palestina y la ruptura de relaciones con Israel\u00bb.<\/p>\n\n\n\n<p> Con la Asamblea le ha dado continuidad primero el responsable de Acci\u00f3n Social, Endika P\u00e9rez, y Ane Escondrillas, arduna de Sociocomunitario despu\u00e9s. El primero denuncia la respuesta antidemocr\u00e1tica de PNV y PSE a la Iniciativa Legislativa Popular para complementar la pensi\u00f3n m\u00ednima y llama a los asistentes a multiplicar sus fuerzas. \u00bb En el camino del sistema p\u00fablico y propio de pensiones, quieren renunciar a discutir c\u00f3mo tenemos que complementar la pensi\u00f3n m\u00ednima y ante esta decisi\u00f3n tenemos que responder con nuevas iniciativas\u00bb, ha se\u00f1alado P\u00e9rez. Ha llamado a seguir aportando al Movimiento de Pensionistas de Euskal Herria.<\/p>\n\n\n\n<p>Ane Escondrillas ha explicado los ejes de la estrategia de cuidados del sindicato y da cuenta de la din\u00e1mica \u00abpublikoak gara\u00bb en la segunda parte de la asamblea. La responsable del sector Sociocomunitario se ha referido a los retos de las trabajadoras del sector y a las alianzas con los sectores sociales para hacer frente a las decisiones pol\u00edticas de privatizaci\u00f3n de los cuidados. En el ejercicio realizado en los grupos de trabajo, LAB ha estado perfilando las aportaciones que pensionistas pueden hacer a esta lucha.<\/p>\n\n\n\n<p>Terminada la asamblea, han dado comienzo a la comida habitual, pensando en amigos que hace tiempo que no ven y que no han podido venir.<\/p>\n","protected":false},"excerpt":{"rendered":"<p>El \u00e1rea de pensionistas del sindicato LAB ha celebrado la Asamblea Nacional de comienzo de curso, con presencia de m\u00e1s de un centenar de militantes. Militantes procedentes de diversas localidades de Hego Euskal Herria se han reunido para hablar sobre el contexto sociopol\u00edtico en el Civibox de Errotxapea as\u00ed como definir los retos de los [&hellip;]<\/p>\n","protected":false},"author":1191,"featured_media":84139,"comment_status":"closed","ping_status":"closed","sticky":false,"template":"","format":"standard","meta":{"_monsterinsights_skip_tracking":false,"_monsterinsights_sitenote_active":false,"_monsterinsights_sitenote_note":"","_monsterinsights_sitenote_category":0,"footnotes":"","_links_to":"","_links_to_target":""},"categories":[2994],"tags":[3182,3178],"class_list":{"0":"post-84141","1":"post","2":"type-post","3":"status-publish","4":"format-standard","5":"has-post-thumbnail","7":"category-accion-social","8":"tag-accion-social-es","9":"tag-destacado-1"},"_links":{"self":[{"href":"https:\/\/www.lab.eus\/es\/wp-json\/wp\/v2\/posts\/84141","targetHints":{"allow":["GET"]}}],"collection":[{"href":"https:\/\/www.lab.eus\/es\/wp-json\/wp\/v2\/posts"}],"about":[{"href":"https:\/\/www.lab.eus\/es\/wp-json\/wp\/v2\/types\/post"}],"author":[{"embeddable":true,"href":"https:\/\/www.lab.eus\/es\/wp-json\/wp\/v2\/users\/1191"}],"replies":[{"embeddable":true,"href":"https:\/\/www.lab.eus\/es\/wp-json\/wp\/v2\/comments?post=84141"}],"version-history":[{"count":1,"href":"https:\/\/www.lab.eus\/es\/wp-json\/wp\/v2\/posts\/84141\/revisions"}],"predecessor-version":[{"id":84142,"href":"https:\/\/www.lab.eus\/es\/wp-json\/wp\/v2\/posts\/84141\/revisions\/84142"}],"wp:featuredmedia":[{"embeddable":true,"href":"https:\/\/www.lab.eus\/es\/wp-json\/wp\/v2\/media\/84139"}],"wp:attachment":[{"href":"https:\/\/www.lab.eus\/es\/wp-json\/wp\/v2\/media?parent=84141"}],"wp:term":[{"taxonomy":"category","embeddable":true,"href":"https:\/\/www.lab.eus\/es\/wp-json\/wp\/v2\/categories?post=84141"},{"taxonomy":"post_tag","embeddable":true,"href":"https:\/\/www.lab.eus\/es\/wp-json\/wp\/v2\/tags?post=84141"}],"curies":[{"name":"wp","href":"https:\/\/api.w.org\/{rel}","templated":true}]}}