{"id":84134,"date":"2025-10-14T10:48:07","date_gmt":"2025-10-14T10:48:07","guid":{"rendered":"https:\/\/www.lab.eus\/?p=84134"},"modified":"2025-10-14T10:48:10","modified_gmt":"2025-10-14T10:48:10","slug":"los-sindicatos-convocantes-preven-una-gran-seguimiento-en-el-paro-general-de-manana-por-palestina","status":"publish","type":"post","link":"https:\/\/www.lab.eus\/es\/los-sindicatos-convocantes-preven-una-gran-seguimiento-en-el-paro-general-de-manana-por-palestina\/","title":{"rendered":"Los sindicatos convocantes prev\u00e9n una gran seguimiento en el paro general de ma\u00f1ana por Palestina"},"content":{"rendered":"\n<p>Los sindicatos LAB, CCOO, UGT, ESK, STEILAS, CGT, Etxalde, EHNE-Nafarroa, Solidari e HIRU prev\u00e9n un gran seguimiento al paro general convocado para ma\u00f1ana.<\/p>\n\n\n\n<p>Si bien el alto el fuego acordado en Gaza ha supuesto un alivio para la poblaci\u00f3n palestina, los convocantes resaltan la importancia de seguir presionando a Israel para que cese definitivamente el genocidio, la ocupaci\u00f3n y la colonizaci\u00f3n en Palestina y se garantice el derecho del pueblo palestino a vivir en libertad.<\/p>\n\n\n\n<p>El horario de referencia del paro ser\u00e1 de 11:00 a 14:00, alarg\u00e1ndose hasta las 15:00 en aquellas actividades que finalizan la jornada a esta hora. En el turno de noche el paro se realizar\u00e1 entre las 03:00 y las 06:00 y en el de tarde entre las 19:00 y las 22:00.<\/p>\n\n\n\n<p>La representaci\u00f3n sindical de cada empresa ha instado a la plantilla a secundar el paro y se han organizado docenas de movilizaciones en empresas como Mercedes, Volkswagen Navarra, Michelin Gasteiz y Lasarte, Laminaciones Arregi, Sidenor Basauri, Arteche, Aludium, Gestamp, ZIV, CAF Zamudio o Acciona Irunberri. Los resultados de las votaciones en las empresas que acostumbran a consultar a la plantilla sobre la adhesi\u00f3n al paro, como CAF de Beasain e Irun, Indar de Beasain, Jaso de Itsasondo, Indaux de Getaria, Garai y Natra Zahor de O\u00f1ati, Biele de Azpeitia, Sarri\u00f3 Papel de Leitza o Aceros Moldeados de Lakuntza reflejan un apoyo mayoritario, superior al 70% en algunos casos.<\/p>\n\n\n\n<p>En los servicios p\u00fablicos se han establecido servicios m\u00ednimos abusivos a nuestro entender y los hemos impugnado, estando a la espera de su resoluci\u00f3n; se prev\u00e9n paros y movilizaciones en Eusko Jaurlaritza, Gobierno de Navarra, Osakidetza, Osasunbidea, EiTB, Museo Guggenheim, Autoridad Portuaria, administraci\u00f3n de justicia, las tres Diputaciones y los principales Ayuntamientos. En todos estos casos las trabajadoras y trabajadores de las diferentes subcontratas han anunciado su participaci\u00f3n. En transporte p\u00fablico, educaci\u00f3n p\u00fablica e ikastolas se prev\u00e9 que la actividad se limite a los servicios m\u00ednimos, con el cierre de docenas de comedores escolares.<\/p>\n\n\n\n<p>A las 12:30 se realizar\u00e1n sendas manifestaciones en las cuatro capitales:<\/p>\n\n\n\n<ul class=\"wp-block-list\">\n<li>Bilbo: Sagrado Coraz\u00f3n.<\/li>\n\n\n\n<li>Donostia: Boulevard.<\/li>\n\n\n\n<li>Gasteiz: Virgen Blanca.<\/li>\n\n\n\n<li>Iru\u00f1ea: Golem.<\/li>\n<\/ul>\n\n\n\n<p>En cada capital se han organizado columnas que, partiendo de diferentes barrios y pol\u00edgonos confluir\u00e1n en el punto de partida de la manifestaci\u00f3n correspondiente. Adem\u00e1s de los representantes sindicales, marchar\u00e1 e intervendr\u00e1 en el acto final una representaci\u00f3n de la comunidad palestina.<\/p>\n\n\n\n<p>A las 19:30 Gernika-Palestina ha organizado movilizaciones descentralizadas en cada municipio. En el caso de Iru\u00f1ea, Tutera y Lizarra se producir\u00e1n sendas manifestaciones sindicales.<\/p>\n\n\n\n<p>Las reivindicaciones de la jornada de paro y movilizaci\u00f3n son las siguientes:<\/p>\n\n\n\n<ul class=\"wp-block-list\">\n<li>Expresar la solidaridad del conjunto de la clase trabajadora con el pueblo palestino.<\/li>\n\n\n\n<li>Denunciar el genocidio y los cr\u00edmenes contra la humanidad que est\u00e1 cometiendo Israel contra el pueblo palestino con el apoyo del Gobierno de EEUU.<\/li>\n\n\n\n<li>Denunciar la continua colonizaci\u00f3n del territorio Palestino en Cisjordania y sus graves consecuencias en las condiciones de trabajo y de vida de la clase trabajadora palestina.<\/li>\n\n\n\n<li>Reclamar el fin inmediato del genocidio en Gaza y demandar una resoluci\u00f3n integral que acabe con la ocupaci\u00f3n y la colonizaci\u00f3n de Palestina, y garantice el derecho del pueblo palestino a vivir en libertad.<\/li>\n\n\n\n<li>Exigir a la patronal y a las instituciones, tanto propias como internacionales, que suspendan toda relaci\u00f3n comercial con el Estado de Israel. No se puede seguir haciendo negocio a costa de un genocidio.<\/li>\n\n\n\n<li>Demandar la suspensi\u00f3n en su totalidad del Acuerdo de Asociaci\u00f3n Uni\u00f3n Europea-Israel.<\/li>\n<\/ul>\n","protected":false},"excerpt":{"rendered":"<p>El horario de referencia del paro ser\u00e1 de 11:00 a 14:00, alarg\u00e1ndose hasta las 15:00 en aquellas actividades que finalizan la jornada a esta hora. En el turno de noche el paro se realizar\u00e1 entre las 03:00 y las 06:00 y en el de tarde entre las 19:00 y las 22:00.<\/p>\n","protected":false},"author":1191,"featured_media":84132,"comment_status":"closed","ping_status":"closed","sticky":false,"template":"","format":"standard","meta":{"_monsterinsights_skip_tracking":false,"_monsterinsights_sitenote_active":false,"_monsterinsights_sitenote_note":"","_monsterinsights_sitenote_category":0,"footnotes":"","_links_to":"","_links_to_target":""},"categories":[4,2973,3283],"tags":[3178,5343],"class_list":{"0":"post-84134","1":"post","2":"type-post","3":"status-publish","4":"format-standard","5":"has-post-thumbnail","7":"category-es-internacional","8":"category-secretarias","9":"category-sin-categorizar","10":"tag-destacado-1","11":"tag-langileokpalestinarekin-es"},"_links":{"self":[{"href":"https:\/\/www.lab.eus\/es\/wp-json\/wp\/v2\/posts\/84134","targetHints":{"allow":["GET"]}}],"collection":[{"href":"https:\/\/www.lab.eus\/es\/wp-json\/wp\/v2\/posts"}],"about":[{"href":"https:\/\/www.lab.eus\/es\/wp-json\/wp\/v2\/types\/post"}],"author":[{"embeddable":true,"href":"https:\/\/www.lab.eus\/es\/wp-json\/wp\/v2\/users\/1191"}],"replies":[{"embeddable":true,"href":"https:\/\/www.lab.eus\/es\/wp-json\/wp\/v2\/comments?post=84134"}],"version-history":[{"count":1,"href":"https:\/\/www.lab.eus\/es\/wp-json\/wp\/v2\/posts\/84134\/revisions"}],"predecessor-version":[{"id":84135,"href":"https:\/\/www.lab.eus\/es\/wp-json\/wp\/v2\/posts\/84134\/revisions\/84135"}],"wp:featuredmedia":[{"embeddable":true,"href":"https:\/\/www.lab.eus\/es\/wp-json\/wp\/v2\/media\/84132"}],"wp:attachment":[{"href":"https:\/\/www.lab.eus\/es\/wp-json\/wp\/v2\/media?parent=84134"}],"wp:term":[{"taxonomy":"category","embeddable":true,"href":"https:\/\/www.lab.eus\/es\/wp-json\/wp\/v2\/categories?post=84134"},{"taxonomy":"post_tag","embeddable":true,"href":"https:\/\/www.lab.eus\/es\/wp-json\/wp\/v2\/tags?post=84134"}],"curies":[{"name":"wp","href":"https:\/\/api.w.org\/{rel}","templated":true}]}}