{"id":84061,"date":"2025-10-13T10:52:42","date_gmt":"2025-10-13T10:52:42","guid":{"rendered":"https:\/\/www.lab.eus\/?p=84061"},"modified":"2025-10-13T11:01:57","modified_gmt":"2025-10-13T11:01:57","slug":"lab-lleva-a-todas-las-comarcas-la-solidaridad-con-palestina-y-el-llamamiento-al-paro-del-miercoles","status":"publish","type":"post","link":"https:\/\/www.lab.eus\/es\/lab-lleva-a-todas-las-comarcas-la-solidaridad-con-palestina-y-el-llamamiento-al-paro-del-miercoles\/","title":{"rendered":"LAB lleva a todas las comarcas la solidaridad con Palestina y el llamamiento al paro del mi\u00e9rcoles"},"content":{"rendered":"\n<p>LAB ha celebrado en las \u00faltimas semanas asambleas de delegadas y delegados por comarcas. En ellas se ha hablado de los principales retos del curso y tambi\u00e9n se ha aprovechado la cita para mostrar la solidaridad con Palestina, as\u00ed como para hacer un llamamiento a la jornada de paro y movilizaci\u00f3n para el 15 de octubre.<\/p>\n\n\n\n<p>Hamas y el Gobierno israel\u00ed han firmado un acuerdo de alto el fuego, s\u00ed, y LAB asume y respetar\u00e1 de forma absoluta las decisiones que en cada momento tomen los agentes que representan a Palestina. Sin embargo, desde el punto de vista de la solidaridad internacionalista, el sindicato considera que hay que seguir presionando a todos los niveles para que el Gobierno israel\u00ed materialice el alto el fuego y para acabar con la colonizaci\u00f3n y el genocidio que est\u00e1 sufriendo Palestina durante d\u00e9cadas, as\u00ed como para que Palestina puede ejercer su derecho de autodeterminaci\u00f3n.<\/p>\n\n\n\n<p>El paro general del 15 de octubre pretende impulsar estas dos reivindicaciones. La clase trabajadora vasca reivindicar\u00e1 alto y claro este mi\u00e9rcoles: \u00ab\u00a1No al genocidio! \u00a1No a la colonizaci\u00f3n! \u00a1Autodeterminaci\u00f3n para el Pueblo Palestino!\u00bb<\/p>\n\n\n\n<figure class=\"wp-block-gallery has-nested-images columns-default is-cropped wp-block-gallery-1 is-layout-flex wp-block-gallery-is-layout-flex\">\n<figure class=\"wp-block-image size-large\"><img loading=\"lazy\" decoding=\"async\" width=\"1024\" height=\"683\" data-id=\"84101\" src=\"https:\/\/www.lab.eus\/wp-content\/uploads\/2025\/10\/1-2-1024x683.jpg\" alt=\"\" class=\"wp-image-84101\" srcset=\"https:\/\/www.lab.eus\/wp-content\/uploads\/2025\/10\/1-2-1024x683.jpg 1024w, https:\/\/www.lab.eus\/wp-content\/uploads\/2025\/10\/1-2-300x200.jpg 300w, https:\/\/www.lab.eus\/wp-content\/uploads\/2025\/10\/1-2-768x512.jpg 768w, https:\/\/www.lab.eus\/wp-content\/uploads\/2025\/10\/1-2-1536x1024.jpg 1536w, https:\/\/www.lab.eus\/wp-content\/uploads\/2025\/10\/1-2-2048x1365.jpg 2048w, https:\/\/www.lab.eus\/wp-content\/uploads\/2025\/10\/1-2-630x420.jpg 630w, https:\/\/www.lab.eus\/wp-content\/uploads\/2025\/10\/1-2-150x100.jpg 150w, https:\/\/www.lab.eus\/wp-content\/uploads\/2025\/10\/1-2-696x464.jpg 696w, https:\/\/www.lab.eus\/wp-content\/uploads\/2025\/10\/1-2-1068x712.jpg 1068w, https:\/\/www.lab.eus\/wp-content\/uploads\/2025\/10\/1-2-1920x1280.jpg 1920w\" sizes=\"auto, (max-width: 1024px) 100vw, 1024px\" \/><figcaption class=\"wp-element-caption\">Bilbo<\/figcaption><\/figure>\n\n\n\n<figure class=\"wp-block-image size-large\"><img loading=\"lazy\" decoding=\"async\" width=\"1024\" height=\"683\" data-id=\"84087\" src=\"https:\/\/www.lab.eus\/wp-content\/uploads\/2025\/10\/2-1-1024x683.jpg\" alt=\"\" class=\"wp-image-84087\" srcset=\"https:\/\/www.lab.eus\/wp-content\/uploads\/2025\/10\/2-1-1024x683.jpg 1024w, https:\/\/www.lab.eus\/wp-content\/uploads\/2025\/10\/2-1-300x200.jpg 300w, https:\/\/www.lab.eus\/wp-content\/uploads\/2025\/10\/2-1-768x512.jpg 768w, https:\/\/www.lab.eus\/wp-content\/uploads\/2025\/10\/2-1-1536x1024.jpg 1536w, https:\/\/www.lab.eus\/wp-content\/uploads\/2025\/10\/2-1-2048x1365.jpg 2048w, https:\/\/www.lab.eus\/wp-content\/uploads\/2025\/10\/2-1-630x420.jpg 630w, https:\/\/www.lab.eus\/wp-content\/uploads\/2025\/10\/2-1-150x100.jpg 150w, https:\/\/www.lab.eus\/wp-content\/uploads\/2025\/10\/2-1-696x464.jpg 696w, https:\/\/www.lab.eus\/wp-content\/uploads\/2025\/10\/2-1-1068x712.jpg 1068w, https:\/\/www.lab.eus\/wp-content\/uploads\/2025\/10\/2-1-1920x1280.jpg 1920w\" sizes=\"auto, (max-width: 1024px) 100vw, 1024px\" \/><figcaption class=\"wp-element-caption\">Donostia<\/figcaption><\/figure>\n\n\n\n<figure class=\"wp-block-image size-large\"><img loading=\"lazy\" decoding=\"async\" width=\"1024\" height=\"683\" data-id=\"84086\" src=\"https:\/\/www.lab.eus\/wp-content\/uploads\/2025\/10\/3-1-1024x683.jpg\" alt=\"\" class=\"wp-image-84086\" srcset=\"https:\/\/www.lab.eus\/wp-content\/uploads\/2025\/10\/3-1-1024x683.jpg 1024w, https:\/\/www.lab.eus\/wp-content\/uploads\/2025\/10\/3-1-300x200.jpg 300w, https:\/\/www.lab.eus\/wp-content\/uploads\/2025\/10\/3-1-768x512.jpg 768w, https:\/\/www.lab.eus\/wp-content\/uploads\/2025\/10\/3-1-1536x1024.jpg 1536w, https:\/\/www.lab.eus\/wp-content\/uploads\/2025\/10\/3-1-2048x1365.jpg 2048w, https:\/\/www.lab.eus\/wp-content\/uploads\/2025\/10\/3-1-630x420.jpg 630w, https:\/\/www.lab.eus\/wp-content\/uploads\/2025\/10\/3-1-150x100.jpg 150w, https:\/\/www.lab.eus\/wp-content\/uploads\/2025\/10\/3-1-696x464.jpg 696w, https:\/\/www.lab.eus\/wp-content\/uploads\/2025\/10\/3-1-1068x712.jpg 1068w, https:\/\/www.lab.eus\/wp-content\/uploads\/2025\/10\/3-1-1920x1280.jpg 1920w\" sizes=\"auto, (max-width: 1024px) 100vw, 1024px\" \/><figcaption class=\"wp-element-caption\">Donostia<\/figcaption><\/figure>\n\n\n\n<figure class=\"wp-block-image size-large\"><img loading=\"lazy\" decoding=\"async\" width=\"1024\" height=\"683\" data-id=\"84093\" src=\"https:\/\/www.lab.eus\/wp-content\/uploads\/2025\/10\/4-1-1024x683.jpg\" alt=\"\" class=\"wp-image-84093\" srcset=\"https:\/\/www.lab.eus\/wp-content\/uploads\/2025\/10\/4-1-1024x683.jpg 1024w, https:\/\/www.lab.eus\/wp-content\/uploads\/2025\/10\/4-1-300x200.jpg 300w, https:\/\/www.lab.eus\/wp-content\/uploads\/2025\/10\/4-1-768x512.jpg 768w, https:\/\/www.lab.eus\/wp-content\/uploads\/2025\/10\/4-1-1536x1024.jpg 1536w, https:\/\/www.lab.eus\/wp-content\/uploads\/2025\/10\/4-1-2048x1365.jpg 2048w, https:\/\/www.lab.eus\/wp-content\/uploads\/2025\/10\/4-1-630x420.jpg 630w, https:\/\/www.lab.eus\/wp-content\/uploads\/2025\/10\/4-1-150x100.jpg 150w, https:\/\/www.lab.eus\/wp-content\/uploads\/2025\/10\/4-1-696x464.jpg 696w, https:\/\/www.lab.eus\/wp-content\/uploads\/2025\/10\/4-1-1068x712.jpg 1068w, https:\/\/www.lab.eus\/wp-content\/uploads\/2025\/10\/4-1-1920x1280.jpg 1920w\" sizes=\"auto, (max-width: 1024px) 100vw, 1024px\" \/><figcaption class=\"wp-element-caption\">Gasteiz-Lautada-Errioxa<\/figcaption><\/figure>\n\n\n\n<figure class=\"wp-block-image size-large\"><img loading=\"lazy\" decoding=\"async\" width=\"1024\" height=\"683\" data-id=\"84094\" src=\"https:\/\/www.lab.eus\/wp-content\/uploads\/2025\/10\/5-1-1024x683.jpg\" alt=\"\" class=\"wp-image-84094\" srcset=\"https:\/\/www.lab.eus\/wp-content\/uploads\/2025\/10\/5-1-1024x683.jpg 1024w, https:\/\/www.lab.eus\/wp-content\/uploads\/2025\/10\/5-1-300x200.jpg 300w, https:\/\/www.lab.eus\/wp-content\/uploads\/2025\/10\/5-1-768x512.jpg 768w, https:\/\/www.lab.eus\/wp-content\/uploads\/2025\/10\/5-1-1536x1024.jpg 1536w, https:\/\/www.lab.eus\/wp-content\/uploads\/2025\/10\/5-1-2048x1365.jpg 2048w, https:\/\/www.lab.eus\/wp-content\/uploads\/2025\/10\/5-1-630x420.jpg 630w, https:\/\/www.lab.eus\/wp-content\/uploads\/2025\/10\/5-1-150x100.jpg 150w, https:\/\/www.lab.eus\/wp-content\/uploads\/2025\/10\/5-1-696x464.jpg 696w, https:\/\/www.lab.eus\/wp-content\/uploads\/2025\/10\/5-1-1068x712.jpg 1068w, https:\/\/www.lab.eus\/wp-content\/uploads\/2025\/10\/5-1-1920x1280.jpg 1920w\" sizes=\"auto, (max-width: 1024px) 100vw, 1024px\" \/><figcaption class=\"wp-element-caption\">Nafarroa<\/figcaption><\/figure>\n\n\n\n<figure class=\"wp-block-image size-large\"><img loading=\"lazy\" decoding=\"async\" width=\"1024\" height=\"683\" data-id=\"84092\" src=\"https:\/\/www.lab.eus\/wp-content\/uploads\/2025\/10\/6-1-1024x683.jpg\" alt=\"\" class=\"wp-image-84092\" srcset=\"https:\/\/www.lab.eus\/wp-content\/uploads\/2025\/10\/6-1-1024x683.jpg 1024w, https:\/\/www.lab.eus\/wp-content\/uploads\/2025\/10\/6-1-300x200.jpg 300w, https:\/\/www.lab.eus\/wp-content\/uploads\/2025\/10\/6-1-768x512.jpg 768w, https:\/\/www.lab.eus\/wp-content\/uploads\/2025\/10\/6-1-1536x1024.jpg 1536w, https:\/\/www.lab.eus\/wp-content\/uploads\/2025\/10\/6-1-2048x1365.jpg 2048w, https:\/\/www.lab.eus\/wp-content\/uploads\/2025\/10\/6-1-630x420.jpg 630w, https:\/\/www.lab.eus\/wp-content\/uploads\/2025\/10\/6-1-150x100.jpg 150w, https:\/\/www.lab.eus\/wp-content\/uploads\/2025\/10\/6-1-696x464.jpg 696w, https:\/\/www.lab.eus\/wp-content\/uploads\/2025\/10\/6-1-1068x712.jpg 1068w, https:\/\/www.lab.eus\/wp-content\/uploads\/2025\/10\/6-1-1920x1280.jpg 1920w\" sizes=\"auto, (max-width: 1024px) 100vw, 1024px\" \/><figcaption class=\"wp-element-caption\">Nafarroa<\/figcaption><\/figure>\n\n\n\n<figure class=\"wp-block-image size-large\"><img loading=\"lazy\" decoding=\"async\" width=\"1024\" height=\"768\" data-id=\"84083\" src=\"https:\/\/www.lab.eus\/wp-content\/uploads\/2025\/10\/7-1-1024x768.jpeg\" alt=\"\" class=\"wp-image-84083\" srcset=\"https:\/\/www.lab.eus\/wp-content\/uploads\/2025\/10\/7-1-1024x768.jpeg 1024w, https:\/\/www.lab.eus\/wp-content\/uploads\/2025\/10\/7-1-300x225.jpeg 300w, https:\/\/www.lab.eus\/wp-content\/uploads\/2025\/10\/7-1-768x576.jpeg 768w, https:\/\/www.lab.eus\/wp-content\/uploads\/2025\/10\/7-1-1536x1152.jpeg 1536w, https:\/\/www.lab.eus\/wp-content\/uploads\/2025\/10\/7-1-560x420.jpeg 560w, https:\/\/www.lab.eus\/wp-content\/uploads\/2025\/10\/7-1-80x60.jpeg 80w, https:\/\/www.lab.eus\/wp-content\/uploads\/2025\/10\/7-1-150x113.jpeg 150w, https:\/\/www.lab.eus\/wp-content\/uploads\/2025\/10\/7-1-696x522.jpeg 696w, https:\/\/www.lab.eus\/wp-content\/uploads\/2025\/10\/7-1-1068x801.jpeg 1068w, https:\/\/www.lab.eus\/wp-content\/uploads\/2025\/10\/7-1.jpeg 1600w\" sizes=\"auto, (max-width: 1024px) 100vw, 1024px\" \/><figcaption class=\"wp-element-caption\">Buruntza-Goierri<\/figcaption><\/figure>\n\n\n\n<figure class=\"wp-block-image size-large\"><img loading=\"lazy\" decoding=\"async\" width=\"1024\" height=\"771\" data-id=\"84077\" src=\"https:\/\/www.lab.eus\/wp-content\/uploads\/2025\/10\/8_1-1-1024x771.jpg\" alt=\"\" class=\"wp-image-84077\" srcset=\"https:\/\/www.lab.eus\/wp-content\/uploads\/2025\/10\/8_1-1-1024x771.jpg 1024w, https:\/\/www.lab.eus\/wp-content\/uploads\/2025\/10\/8_1-1-300x226.jpg 300w, https:\/\/www.lab.eus\/wp-content\/uploads\/2025\/10\/8_1-1-768x578.jpg 768w, https:\/\/www.lab.eus\/wp-content\/uploads\/2025\/10\/8_1-1-1536x1157.jpg 1536w, https:\/\/www.lab.eus\/wp-content\/uploads\/2025\/10\/8_1-1-558x420.jpg 558w, https:\/\/www.lab.eus\/wp-content\/uploads\/2025\/10\/8_1-1-80x60.jpg 80w, https:\/\/www.lab.eus\/wp-content\/uploads\/2025\/10\/8_1-1-150x113.jpg 150w, https:\/\/www.lab.eus\/wp-content\/uploads\/2025\/10\/8_1-1-696x524.jpg 696w, https:\/\/www.lab.eus\/wp-content\/uploads\/2025\/10\/8_1-1-1068x804.jpg 1068w, https:\/\/www.lab.eus\/wp-content\/uploads\/2025\/10\/8_1-1-1920x1446.jpg 1920w, https:\/\/www.lab.eus\/wp-content\/uploads\/2025\/10\/8_1-1.jpg 2040w\" sizes=\"auto, (max-width: 1024px) 100vw, 1024px\" \/><figcaption class=\"wp-element-caption\">Durangaldea<\/figcaption><\/figure>\n\n\n\n<figure class=\"wp-block-image size-large\"><img loading=\"lazy\" decoding=\"async\" width=\"1024\" height=\"768\" data-id=\"84073\" src=\"https:\/\/www.lab.eus\/wp-content\/uploads\/2025\/10\/8-1-1024x768.jpg\" alt=\"\" class=\"wp-image-84073\" srcset=\"https:\/\/www.lab.eus\/wp-content\/uploads\/2025\/10\/8-1-1024x768.jpg 1024w, https:\/\/www.lab.eus\/wp-content\/uploads\/2025\/10\/8-1-300x225.jpg 300w, https:\/\/www.lab.eus\/wp-content\/uploads\/2025\/10\/8-1-768x576.jpg 768w, https:\/\/www.lab.eus\/wp-content\/uploads\/2025\/10\/8-1-560x420.jpg 560w, https:\/\/www.lab.eus\/wp-content\/uploads\/2025\/10\/8-1-80x60.jpg 80w, https:\/\/www.lab.eus\/wp-content\/uploads\/2025\/10\/8-1-150x113.jpg 150w, https:\/\/www.lab.eus\/wp-content\/uploads\/2025\/10\/8-1-696x522.jpg 696w, https:\/\/www.lab.eus\/wp-content\/uploads\/2025\/10\/8-1-1068x801.jpg 1068w, https:\/\/www.lab.eus\/wp-content\/uploads\/2025\/10\/8-1.jpg 1280w\" sizes=\"auto, (max-width: 1024px) 100vw, 1024px\" \/><figcaption class=\"wp-element-caption\">Aiaraldea<\/figcaption><\/figure>\n\n\n\n<figure class=\"wp-block-image size-large\"><img loading=\"lazy\" decoding=\"async\" width=\"1024\" height=\"768\" data-id=\"84067\" src=\"https:\/\/www.lab.eus\/wp-content\/uploads\/2025\/10\/9-1-1024x768.jpg\" alt=\"\" class=\"wp-image-84067\" srcset=\"https:\/\/www.lab.eus\/wp-content\/uploads\/2025\/10\/9-1-1024x768.jpg 1024w, https:\/\/www.lab.eus\/wp-content\/uploads\/2025\/10\/9-1-300x225.jpg 300w, https:\/\/www.lab.eus\/wp-content\/uploads\/2025\/10\/9-1-768x576.jpg 768w, https:\/\/www.lab.eus\/wp-content\/uploads\/2025\/10\/9-1-560x420.jpg 560w, https:\/\/www.lab.eus\/wp-content\/uploads\/2025\/10\/9-1-80x60.jpg 80w, https:\/\/www.lab.eus\/wp-content\/uploads\/2025\/10\/9-1-150x113.jpg 150w, https:\/\/www.lab.eus\/wp-content\/uploads\/2025\/10\/9-1-696x522.jpg 696w, https:\/\/www.lab.eus\/wp-content\/uploads\/2025\/10\/9-1-1068x801.jpg 1068w, https:\/\/www.lab.eus\/wp-content\/uploads\/2025\/10\/9-1.jpg 1280w\" sizes=\"auto, (max-width: 1024px) 100vw, 1024px\" \/><figcaption class=\"wp-element-caption\">Busturialdea-Lea-Artibai<\/figcaption><\/figure>\n\n\n\n<figure class=\"wp-block-image size-large\"><img loading=\"lazy\" decoding=\"async\" width=\"1024\" height=\"578\" data-id=\"84062\" src=\"https:\/\/www.lab.eus\/wp-content\/uploads\/2025\/10\/10-1-1024x578.jpg\" alt=\"\" class=\"wp-image-84062\" srcset=\"https:\/\/www.lab.eus\/wp-content\/uploads\/2025\/10\/10-1-1024x578.jpg 1024w, https:\/\/www.lab.eus\/wp-content\/uploads\/2025\/10\/10-1-300x169.jpg 300w, https:\/\/www.lab.eus\/wp-content\/uploads\/2025\/10\/10-1-768x433.jpg 768w, https:\/\/www.lab.eus\/wp-content\/uploads\/2025\/10\/10-1-745x420.jpg 745w, https:\/\/www.lab.eus\/wp-content\/uploads\/2025\/10\/10-1-150x85.jpg 150w, https:\/\/www.lab.eus\/wp-content\/uploads\/2025\/10\/10-1-696x393.jpg 696w, https:\/\/www.lab.eus\/wp-content\/uploads\/2025\/10\/10-1-1068x602.jpg 1068w, https:\/\/www.lab.eus\/wp-content\/uploads\/2025\/10\/10-1.jpg 1280w\" sizes=\"auto, (max-width: 1024px) 100vw, 1024px\" \/><figcaption class=\"wp-element-caption\">Oarso-Bidasoa<\/figcaption><\/figure>\n\n\n\n<figure class=\"wp-block-image size-large\"><img loading=\"lazy\" decoding=\"async\" width=\"1024\" height=\"771\" data-id=\"84064\" src=\"https:\/\/www.lab.eus\/wp-content\/uploads\/2025\/10\/11-1-1024x771.jpg\" alt=\"\" class=\"wp-image-84064\" srcset=\"https:\/\/www.lab.eus\/wp-content\/uploads\/2025\/10\/11-1-1024x771.jpg 1024w, https:\/\/www.lab.eus\/wp-content\/uploads\/2025\/10\/11-1-300x226.jpg 300w, https:\/\/www.lab.eus\/wp-content\/uploads\/2025\/10\/11-1-768x578.jpg 768w, https:\/\/www.lab.eus\/wp-content\/uploads\/2025\/10\/11-1-558x420.jpg 558w, https:\/\/www.lab.eus\/wp-content\/uploads\/2025\/10\/11-1-80x60.jpg 80w, https:\/\/www.lab.eus\/wp-content\/uploads\/2025\/10\/11-1-150x113.jpg 150w, https:\/\/www.lab.eus\/wp-content\/uploads\/2025\/10\/11-1-696x524.jpg 696w, https:\/\/www.lab.eus\/wp-content\/uploads\/2025\/10\/11-1-1068x804.jpg 1068w, https:\/\/www.lab.eus\/wp-content\/uploads\/2025\/10\/11-1.jpg 1280w\" sizes=\"auto, (max-width: 1024px) 100vw, 1024px\" \/><\/figure>\n\n\n\n<figure class=\"wp-block-image size-large\"><img loading=\"lazy\" decoding=\"async\" width=\"1024\" height=\"768\" data-id=\"84080\" src=\"https:\/\/www.lab.eus\/wp-content\/uploads\/2025\/10\/13-1-1024x768.jpeg\" alt=\"\" class=\"wp-image-84080\" srcset=\"https:\/\/www.lab.eus\/wp-content\/uploads\/2025\/10\/13-1-1024x768.jpeg 1024w, https:\/\/www.lab.eus\/wp-content\/uploads\/2025\/10\/13-1-300x225.jpeg 300w, https:\/\/www.lab.eus\/wp-content\/uploads\/2025\/10\/13-1-768x576.jpeg 768w, https:\/\/www.lab.eus\/wp-content\/uploads\/2025\/10\/13-1-1536x1152.jpeg 1536w, https:\/\/www.lab.eus\/wp-content\/uploads\/2025\/10\/13-1-560x420.jpeg 560w, https:\/\/www.lab.eus\/wp-content\/uploads\/2025\/10\/13-1-80x60.jpeg 80w, https:\/\/www.lab.eus\/wp-content\/uploads\/2025\/10\/13-1-150x113.jpeg 150w, https:\/\/www.lab.eus\/wp-content\/uploads\/2025\/10\/13-1-696x522.jpeg 696w, https:\/\/www.lab.eus\/wp-content\/uploads\/2025\/10\/13-1-1068x801.jpeg 1068w, https:\/\/www.lab.eus\/wp-content\/uploads\/2025\/10\/13-1.jpeg 1600w\" sizes=\"auto, (max-width: 1024px) 100vw, 1024px\" \/><\/figure>\n\n\n\n<figure class=\"wp-block-image size-large\"><img loading=\"lazy\" decoding=\"async\" width=\"1024\" height=\"768\" data-id=\"84068\" src=\"https:\/\/www.lab.eus\/wp-content\/uploads\/2025\/10\/14-1-1024x768.jpg\" alt=\"\" class=\"wp-image-84068\" srcset=\"https:\/\/www.lab.eus\/wp-content\/uploads\/2025\/10\/14-1-1024x768.jpg 1024w, https:\/\/www.lab.eus\/wp-content\/uploads\/2025\/10\/14-1-300x225.jpg 300w, https:\/\/www.lab.eus\/wp-content\/uploads\/2025\/10\/14-1-768x576.jpg 768w, https:\/\/www.lab.eus\/wp-content\/uploads\/2025\/10\/14-1-560x420.jpg 560w, https:\/\/www.lab.eus\/wp-content\/uploads\/2025\/10\/14-1-80x60.jpg 80w, https:\/\/www.lab.eus\/wp-content\/uploads\/2025\/10\/14-1-150x113.jpg 150w, https:\/\/www.lab.eus\/wp-content\/uploads\/2025\/10\/14-1-696x522.jpg 696w, https:\/\/www.lab.eus\/wp-content\/uploads\/2025\/10\/14-1-1068x801.jpg 1068w, https:\/\/www.lab.eus\/wp-content\/uploads\/2025\/10\/14-1.jpg 1280w\" sizes=\"auto, (max-width: 1024px) 100vw, 1024px\" \/><\/figure>\n<\/figure>\n","protected":false},"excerpt":{"rendered":"<p>LAB ha celebrado en las \u00faltimas semanas asambleas de delegadas y delegados por comarcas. En ellas se ha hablado de los principales retos del curso y tambi\u00e9n se ha aprovechado la cita para mostrar la solidaridad con Palestina, as\u00ed como para hacer un llamamiento a la jornada de paro y movilizaci\u00f3n para el 15 de octubre.<\/p>\n","protected":false},"author":1191,"featured_media":84093,"comment_status":"closed","ping_status":"closed","sticky":false,"template":"","format":"standard","meta":{"_monsterinsights_skip_tracking":false,"_monsterinsights_sitenote_active":false,"_monsterinsights_sitenote_note":"","_monsterinsights_sitenote_category":0,"footnotes":"","_links_to":"","_links_to_target":""},"categories":[4,2973,3283],"tags":[5343,3279],"class_list":{"0":"post-84061","1":"post","2":"type-post","3":"status-publish","4":"format-standard","5":"has-post-thumbnail","7":"category-es-internacional","8":"category-secretarias","9":"category-sin-categorizar","10":"tag-langileokpalestinarekin-es","11":"tag-portada-es"},"_links":{"self":[{"href":"https:\/\/www.lab.eus\/es\/wp-json\/wp\/v2\/posts\/84061","targetHints":{"allow":["GET"]}}],"collection":[{"href":"https:\/\/www.lab.eus\/es\/wp-json\/wp\/v2\/posts"}],"about":[{"href":"https:\/\/www.lab.eus\/es\/wp-json\/wp\/v2\/types\/post"}],"author":[{"embeddable":true,"href":"https:\/\/www.lab.eus\/es\/wp-json\/wp\/v2\/users\/1191"}],"replies":[{"embeddable":true,"href":"https:\/\/www.lab.eus\/es\/wp-json\/wp\/v2\/comments?post=84061"}],"version-history":[{"count":2,"href":"https:\/\/www.lab.eus\/es\/wp-json\/wp\/v2\/posts\/84061\/revisions"}],"predecessor-version":[{"id":84105,"href":"https:\/\/www.lab.eus\/es\/wp-json\/wp\/v2\/posts\/84061\/revisions\/84105"}],"wp:featuredmedia":[{"embeddable":true,"href":"https:\/\/www.lab.eus\/es\/wp-json\/wp\/v2\/media\/84093"}],"wp:attachment":[{"href":"https:\/\/www.lab.eus\/es\/wp-json\/wp\/v2\/media?parent=84061"}],"wp:term":[{"taxonomy":"category","embeddable":true,"href":"https:\/\/www.lab.eus\/es\/wp-json\/wp\/v2\/categories?post=84061"},{"taxonomy":"post_tag","embeddable":true,"href":"https:\/\/www.lab.eus\/es\/wp-json\/wp\/v2\/tags?post=84061"}],"curies":[{"name":"wp","href":"https:\/\/api.w.org\/{rel}","templated":true}]}}