{"id":84012,"date":"2025-10-13T09:34:42","date_gmt":"2025-10-13T09:34:42","guid":{"rendered":"https:\/\/www.lab.eus\/?p=84012"},"modified":"2025-10-13T09:34:45","modified_gmt":"2025-10-13T09:34:45","slug":"finaliza-el-periodo-de-consultas-del-ere-en-maderas-de-llodio-sin-acuerdo","status":"publish","type":"post","link":"https:\/\/www.lab.eus\/es\/finaliza-el-periodo-de-consultas-del-ere-en-maderas-de-llodio-sin-acuerdo\/","title":{"rendered":"Finaliza el per\u00edodo de consultas del ERE en Maderas de Llodio sin acuerdo"},"content":{"rendered":"\n<p><strong>El pasado 9 de octubre finaliz\u00f3 el per\u00edodo de consultas del Expediente de Regulaci\u00f3n de Empleo (ERE) presentado por la direcci\u00f3n de Garnica. Durante todo este proceso, desde la parte social, hemos trabajado con total voluntad de di\u00e1logo, presentando hasta cinco alternativas distintas para mantener el 40 % de la producci\u00f3n y evitar as\u00ed tanto la deslocalizaci\u00f3n como el despido de 39 trabajadores y trabajadoras.<\/strong><\/p>\n\n\n\n<p>Sin embargo, la direcci\u00f3n de la empresa no ha mostrado voluntad real de negociaci\u00f3n. Se ha negado a valorar las propuestas presentadas, manteni\u00e9ndose en una postura cerrada desde el inicio. Y la \u00fanica oferta que ha puesto sobre la mesa ha sido reducir en cuatro personas menos el n\u00famero de despidos y aumentar ligeramente las indemnizaciones, pero manteniendo igualmente la deslocalizaci\u00f3n del 40 % de la producci\u00f3n y los despidos.<\/p>\n\n\n\n<p>Esa propuesta, por lo tanto, era inaceptable, porque segu\u00eda poniendo en riesgo el futuro de Maderas de Llodio y de todas las personas que trabajamos aqu\u00ed.<\/p>\n\n\n\n<p>Desde el Comit\u00e9, y tras trasladarlo a la Asamblea de trabajadores y trabajadoras, queremos reafirmarnos en que seguimos dispuestas a buscar soluciones que garanticen los puestos de trabajo y la producci\u00f3n. Todav\u00eda hay tiempo. Pedimos a la direcci\u00f3n de Garnica que reconsidere su decisi\u00f3n y que no presente el ERE de extinci\u00f3n.<\/p>\n\n\n\n<p>Por otra parte, queremos expresar nuestro enfado con las instituciones. Nos parece inaceptable que, ante una situaci\u00f3n de esta gravedad, ni la Diputaci\u00f3n Foral de \u00c1lava ni el Gobierno Vasco hayan mostrado la m\u00ednima implicaci\u00f3n. Estamos hablando de una empresa industrial con un largo recorrido en la comarca, con un impacto directo en el empleo, en el tejido productivo y tambi\u00e9n en el primer sector. Sin embargo, la falta de respuesta institucional ha sido total.<\/p>\n\n\n\n<p>Ha sido el propio Comit\u00e9 quien ha tenido que ponerse en contacto con las instituciones. Desde la Diputaci\u00f3n Foral de \u00c1lava, no se han reunido ni una sola vez con nosotros para conocer de primera mano lo que est\u00e1 ocurriendo, ni para ofrecer los mecanismos que tienen a su alcance para mediar y proteger el empleo. Y en el caso del Gobierno Vasco, tras un primer encuentro solicitado por la parte social, no ha habido ning\u00fan seguimiento ni nueva reuni\u00f3n, pese a nuestras peticiones.<\/p>\n\n\n\n<p>Nos parece un hecho muy grave, que deja a la clase trabajadora a\u00fan m\u00e1s vulnerable ante las decisiones empresariales. Exigimos que las instituciones asuman sus responsabilidades, que se posicionen de forma clara para salvaguardar las industrias y los puestos de trabajo, y que dejen la demagogia y los discursos vac\u00edos.<\/p>\n\n\n\n<p>Otra vez m\u00e1s, queremos agradecer de coraz\u00f3n a la ciudadan\u00eda de Llodio y de toda la comarca por las numerosas muestras de apoyo y solidaridad que estamos recibiendo. Esta situaci\u00f3n no es un problema individual, sino colectivo, y tener conciencia de ello es fundamental para defender nuestro futuro en Aiaraldea.<\/p>\n\n\n\n<p>Por eso, tal y como hicimos hace dos semanas, nos reafirmamos en que nuestras mejores herramientas son la lucha y la movilizaci\u00f3n. Seguiremos en esa l\u00ednea, en huelga, defendiendo cada uno de nuestros puestos de trabajo y el futuro de Maderas de Llodio. Y pondremos todos los mecanismos jur\u00eddicos y sindicales para parar esta situaci\u00f3n.<\/p>\n\n\n\n<p>Para finalizar, queremos enviar dos mensajes muy claros:<\/p>\n\n\n\n<ol class=\"wp-block-list\">\n<li>A la empresa, para que reconsidere su posici\u00f3n y retire el ERE.<\/li>\n\n\n\n<li>A las instituciones, para que act\u00faen ya. No hay m\u00e1s excusas.<\/li>\n<\/ol>\n\n\n\n<p><strong>Borroka da bide bakarra!<br>Gora Maderas de Llodio-ko langileak!<br>Aiaraldea defenda dezagun!<\/strong><\/p>\n","protected":false},"excerpt":{"rendered":"<p>El pasado 9 de octubre finaliz\u00f3 el per\u00edodo de consultas del Expediente de Regulaci\u00f3n de Empleo (ERE) presentado por la direcci\u00f3n de Garnica. Durante todo este proceso, desde la parte social, hemos trabajado con total voluntad de di\u00e1logo, presentando hasta cinco alternativas distintas para mantener el 40 % de la producci\u00f3n y evitar as\u00ed tanto [&hellip;]<\/p>\n","protected":false},"author":1191,"featured_media":84010,"comment_status":"closed","ping_status":"closed","sticky":false,"template":"","format":"standard","meta":{"_monsterinsights_skip_tracking":false,"_monsterinsights_sitenote_active":false,"_monsterinsights_sitenote_note":"","_monsterinsights_sitenote_category":0,"footnotes":"","_links_to":"","_links_to_target":""},"categories":[18,2868],"tags":[3033,3178,2996],"class_list":{"0":"post-84012","1":"post","2":"type-post","3":"status-publish","4":"format-standard","5":"has-post-thumbnail","7":"category-es-accion-sindical","8":"category-industria-es","9":"tag-accion-sindical-es","10":"tag-destacado-1","11":"tag-industria-es"},"_links":{"self":[{"href":"https:\/\/www.lab.eus\/es\/wp-json\/wp\/v2\/posts\/84012","targetHints":{"allow":["GET"]}}],"collection":[{"href":"https:\/\/www.lab.eus\/es\/wp-json\/wp\/v2\/posts"}],"about":[{"href":"https:\/\/www.lab.eus\/es\/wp-json\/wp\/v2\/types\/post"}],"author":[{"embeddable":true,"href":"https:\/\/www.lab.eus\/es\/wp-json\/wp\/v2\/users\/1191"}],"replies":[{"embeddable":true,"href":"https:\/\/www.lab.eus\/es\/wp-json\/wp\/v2\/comments?post=84012"}],"version-history":[{"count":1,"href":"https:\/\/www.lab.eus\/es\/wp-json\/wp\/v2\/posts\/84012\/revisions"}],"predecessor-version":[{"id":84013,"href":"https:\/\/www.lab.eus\/es\/wp-json\/wp\/v2\/posts\/84012\/revisions\/84013"}],"wp:featuredmedia":[{"embeddable":true,"href":"https:\/\/www.lab.eus\/es\/wp-json\/wp\/v2\/media\/84010"}],"wp:attachment":[{"href":"https:\/\/www.lab.eus\/es\/wp-json\/wp\/v2\/media?parent=84012"}],"wp:term":[{"taxonomy":"category","embeddable":true,"href":"https:\/\/www.lab.eus\/es\/wp-json\/wp\/v2\/categories?post=84012"},{"taxonomy":"post_tag","embeddable":true,"href":"https:\/\/www.lab.eus\/es\/wp-json\/wp\/v2\/tags?post=84012"}],"curies":[{"name":"wp","href":"https:\/\/api.w.org\/{rel}","templated":true}]}}