{"id":83983,"date":"2025-10-10T09:11:16","date_gmt":"2025-10-10T09:11:16","guid":{"rendered":"https:\/\/www.lab.eus\/?p=83983"},"modified":"2025-10-10T09:11:19","modified_gmt":"2025-10-10T09:11:19","slug":"el-15-de-octubre-paro-de-todo-el-dia-no-al-negocio-con-el-genocidio-el-personal-de-educacion-con-palestina","status":"publish","type":"post","link":"https:\/\/www.lab.eus\/es\/el-15-de-octubre-paro-de-todo-el-dia-no-al-negocio-con-el-genocidio-el-personal-de-educacion-con-palestina\/","title":{"rendered":"\u00a1El 15 de octubre, paro de todo el d\u00eda! \u00a1No al negocio con el genocidio! \u00a1El personal de educaci\u00f3n con Palestina!"},"content":{"rendered":"\n<p>LAB y STEILAS han comparecido convocando a las trabajadoras y trabajadores, familias y alumnado que conforman la comunidad educativa a un paro de todo el d\u00eda en el sistema educativo de Hego Euskal Herria.<\/p>\n\n\n\n<p>Ambos sindicatos han comparecido en la Plaza de los Fueros de Vitoria-Gasteiz con el apoyo de las trabajadoras y trabajadores, familias y alumnado que conforman la comunidad educativa.<\/p>\n\n\n\n<p>Los sindicatos LAB, CCOO, UGT, ESK, STEILAS, CGT, Etxalde e HIRU convocaron para ese d\u00eda un paro general en Hego Euskal Herria. Sin embargo, dadas las caracter\u00edsticas que se dan en el \u00e1mbito educativo, LAB y STEILAS han decidido convertir este paro en uno de toda la jornada, para dar respuesta a todos los colectivos del sistema educativo.<\/p>\n\n\n\n<p><strong>Han llamado a todos estos colectivos al paro de todo el d\u00eda, desde las escuelas infantiles hasta las universidades:<\/strong> servicio de cocina, monitoras y monitores de transporte y servicio de limpieza y comedor subcontratado que prestan servicio en Educaci\u00f3n, as\u00ed como el servicio de cocina y personal de limpieza y conserjes del Departamento de Educaci\u00f3n; Personal del Consorcio P\u00fablico Haurreskolak, personal de Educaci\u00f3n del Gobierno de Navarra y de 0-3, personal de Ikastola e iniciativa social y personal subcontratado; Educadores, conserjes, educadores infantiles y\/o profesores de Educaci\u00f3n Especial, tanto de la Escuela P\u00fablica como de Iniciativa Social e Ikastolas; Conserje, administrativo, limpiador subcontratado, investigador o profesorado de la UPV\/EHU y de la UPNA.<\/p>\n\n\n\n<p><strong>Han expresado que ayer Hamas e Israel firmaron un acuerdo de alto el fuego.<\/strong> La materializaci\u00f3n del alto al fuego firmado (los incumplimientos anteriores de Israel han sido frecuentes), mitigar\u00eda el sufrimiento de la poblaci\u00f3n de Gaza, lo que sin duda es una buena noticia para los dos sindicatos. Sin embargo, han transmitido la necesidad de seguir presionando hasta terminar de una vez por todas con el genocidio y la colonizaci\u00f3n que sufre el Pueblo Palestino.<\/p>\n\n\n\n<p>En este contexto, <strong>mantienen el llamamiento al paro general convocado para el pr\u00f3ximo 15 de octubre en solidaridad con el genocidio que se est\u00e1 viviendo en Palestina, ser\u00e1 de todo el d\u00eda en todo el sistema educativo de Hego Euskal Herria.<\/strong><\/p>\n\n\n\n<p>La comunidad educativa ha denunciado desde el primer momento el brutal ataque israel\u00ed contra el Pueblo Palestino, ante el que se ha movilizado en varias ocasiones. Ante esta situaci\u00f3n, han llamado a tomar las calles de Araba, Bizkaia, Gipuzkoa y Nafarroa Garaia el pr\u00f3ximo 15 de octubre, a trav\u00e9s de las manifestaciones convocadas a las 12.30 horas en las capitales y en las concentraciones y movilizaciones que se llevar\u00e1n a cabo en localidades o comarcas. Porque nadie duda de que lo que est\u00e1 ocurriendo hoy es un genocidio, salvo el propio Estado de Israel o los gobiernos e intereses econ\u00f3micos que lo sustentan.<\/p>\n\n\n\n<p><strong>Reivindicaciones:<\/strong><\/p>\n\n\n\n<ul class=\"wp-block-list\">\n<li>Mostrar la solidaridad de toda la clase trabajadora con el pueblo palestino.<\/li>\n\n\n\n<li>Denunciar el genocidio y los cr\u00edmenes de lesa humanidad que Israel, con el apoyo del Gobierno de EEUU, est\u00e1<\/li>\n\n\n\n<li>cometiendo contra el pueblo palestino.<\/li>\n\n\n\n<li>Denunciar la continua colonizaci\u00f3n del territorio palestino cisjordano y denunciar las graves consecuencias que genera en<\/li>\n\n\n\n<li>las condiciones de trabajo y vida de la clase trabajadora palestina.<\/li>\n\n\n\n<li>Poner fin inmediato al genocidio en Gaza y reivindicar una soluci\u00f3n integral que ponga fin a la ocupaci\u00f3n y colonizaci\u00f3n<\/li>\n\n\n\n<li>de Palestina, garantizando el derecho del pueblo palestino a vivir en libertad.<\/li>\n\n\n\n<li>Denunciar la brutalidad de los menores fallecidos como trabajadores de la educaci\u00f3n.<\/li>\n\n\n\n<li>Exigir a la patronal y a las instituciones locales e internacionales el cese de toda relaci\u00f3n comercial con el Estado de Israel.<\/li>\n\n\n\n<li>No se puede seguir haciendo negocios a costa de un genocidio.<\/li>\n\n\n\n<li>Demandar la suspensi\u00f3n en su totalidad del Acuerdo de Asociaci\u00f3n Uni\u00f3n Europea-Israel.<\/li>\n<\/ul>\n\n\n\n<p>Para finalizar, han llamado a participar en la manifestaci\u00f3n nacional convocada el 25 de octubre en Bilbao por la iniciativa \u201cGure haurrak ere dira.\u201d<\/p>\n\n\n\n<p><strong>\u00a1No al negocio con el genocidio! \u00a1Personal de educaci\u00f3n con Palestina!<\/strong><\/p>\n","protected":false},"excerpt":{"rendered":"<p>LAB y STEILAS han comparecido convocando a las trabajadoras y trabajadores, familias y alumnado que conforman la comunidad educativa a un paro de todo el d\u00eda en el sistema educativo de Hego Euskal Herria.<\/p>\n","protected":false},"author":1192,"featured_media":83977,"comment_status":"closed","ping_status":"closed","sticky":false,"template":"","format":"standard","meta":{"_monsterinsights_skip_tracking":false,"_monsterinsights_sitenote_active":false,"_monsterinsights_sitenote_note":"","_monsterinsights_sitenote_category":0,"footnotes":"","_links_to":"","_links_to_target":""},"categories":[4],"tags":[3178,5343],"class_list":{"0":"post-83983","1":"post","2":"type-post","3":"status-publish","4":"format-standard","5":"has-post-thumbnail","7":"category-es-internacional","8":"tag-destacado-1","9":"tag-langileokpalestinarekin-es"},"_links":{"self":[{"href":"https:\/\/www.lab.eus\/es\/wp-json\/wp\/v2\/posts\/83983","targetHints":{"allow":["GET"]}}],"collection":[{"href":"https:\/\/www.lab.eus\/es\/wp-json\/wp\/v2\/posts"}],"about":[{"href":"https:\/\/www.lab.eus\/es\/wp-json\/wp\/v2\/types\/post"}],"author":[{"embeddable":true,"href":"https:\/\/www.lab.eus\/es\/wp-json\/wp\/v2\/users\/1192"}],"replies":[{"embeddable":true,"href":"https:\/\/www.lab.eus\/es\/wp-json\/wp\/v2\/comments?post=83983"}],"version-history":[{"count":1,"href":"https:\/\/www.lab.eus\/es\/wp-json\/wp\/v2\/posts\/83983\/revisions"}],"predecessor-version":[{"id":83984,"href":"https:\/\/www.lab.eus\/es\/wp-json\/wp\/v2\/posts\/83983\/revisions\/83984"}],"wp:featuredmedia":[{"embeddable":true,"href":"https:\/\/www.lab.eus\/es\/wp-json\/wp\/v2\/media\/83977"}],"wp:attachment":[{"href":"https:\/\/www.lab.eus\/es\/wp-json\/wp\/v2\/media?parent=83983"}],"wp:term":[{"taxonomy":"category","embeddable":true,"href":"https:\/\/www.lab.eus\/es\/wp-json\/wp\/v2\/categories?post=83983"},{"taxonomy":"post_tag","embeddable":true,"href":"https:\/\/www.lab.eus\/es\/wp-json\/wp\/v2\/tags?post=83983"}],"curies":[{"name":"wp","href":"https:\/\/api.w.org\/{rel}","templated":true}]}}