{"id":83946,"date":"2025-10-09T12:59:30","date_gmt":"2025-10-09T12:59:30","guid":{"rendered":"https:\/\/www.lab.eus\/?p=83946"},"modified":"2025-10-09T13:27:07","modified_gmt":"2025-10-09T13:27:07","slug":"sobre-el-alto-el-fuego-en-gaza-exigimos-el-cese-inmediato-de-las-agresiones-israelies-y-el-fin-de-la-colonizacion","status":"publish","type":"post","link":"https:\/\/www.lab.eus\/es\/sobre-el-alto-el-fuego-en-gaza-exigimos-el-cese-inmediato-de-las-agresiones-israelies-y-el-fin-de-la-colonizacion\/","title":{"rendered":"Sobre el alto el fuego en Gaza: para exigir el cese inmediato de las agresiones israel\u00edes y el fin de la colonizaci\u00f3n, el d\u00eda 15 a la calle"},"content":{"rendered":"\n<p>Hamas y el Gobierno israel\u00ed firmaron anoche un acuerdo de alto el fuego. Como hasta ahora, LAB recibe y recibir\u00e1 con el m\u00e1ximo respeto las decisiones que en cada momento tomen los diferentes agentes que representan al Pueblo Palestino. Desde el punto de vista de la solidaridad internacionalista son dos las ideas que queremos trasladar a la opini\u00f3n p\u00fablica:<\/p>\n\n\n\n<p>En primer lugar, la materializaci\u00f3n del alto el fuego aliviar\u00eda el sufrimiento de la poblaci\u00f3n de Gaza y eso es sin duda una buena noticia. En vista de que el Gobierno israel\u00ed ha violado repetidamente acuerdos previos, es necesario seguir presionando a todos los niveles para que el alto el fuego se materialice. Exigimos que cese cualquier ataque contra la poblaci\u00f3n de Gaza y que se destinen inmediatamente todos los medios necesarios para hacer frente a la situaci\u00f3n de hambruna y emergencia.<\/p>\n\n\n\n<p>En segundo lugar, LAB reivindica el fin definitivo de la colonizaci\u00f3n y el genocidio que sufre el Pueblo Palestino desde hace d\u00e9cadas y el ejercicio del derecho de autodeterminaci\u00f3n. Con este objetivo hay que seguir presionando lo m\u00e1ximo posible a Israel, sin aceptar ni un paso atr\u00e1s en la trayectoria de los \u00faltimos a\u00f1os.<\/p>\n\n\n\n<p>Para dar impulso a estas dos demandas, es decir, para que el alto el fuego se materialice y se acabe con la colonizaci\u00f3n de Palestina, es imprescindible seguir moviliz\u00e1ndose. Por ello, hoy queremos dar un nuevo empuje al paro general del 15 de octubre. Este d\u00eda la voz de Euskal Herria y de los trabajadores vascos se escuchar\u00e1 alto y claro a nivel internacional: <em>\u00a1<\/em><em>Que cese el Genocidio<\/em><em>! \u00a1<\/em><em>Que cese<\/em><em> la colonizaci\u00f3n! \u00a1Autodeterminaci\u00f3n para el Pueblo Palestino!<\/em><\/p>\n","protected":false},"excerpt":{"rendered":"<p>Hamas y el Gobierno israel\u00ed firmaron anoche un acuerdo de alto el fuego. Como hasta ahora, LAB recibe y recibir\u00e1 con el m\u00e1ximo respeto las decisiones que en cada momento tomen los diferentes agentes que representan al Pueblo Palestino. Desde el punto de vista de la solidaridad internacionalista son dos las ideas que queremos trasladar [&hellip;]<\/p>\n","protected":false},"author":1191,"featured_media":83780,"comment_status":"closed","ping_status":"closed","sticky":false,"template":"","format":"standard","meta":{"_monsterinsights_skip_tracking":false,"_monsterinsights_sitenote_active":false,"_monsterinsights_sitenote_note":"","_monsterinsights_sitenote_category":0,"footnotes":"","_links_to":"","_links_to_target":""},"categories":[3402],"tags":[3173,5343,3193,3279],"class_list":{"0":"post-83946","1":"post","2":"type-post","3":"status-publish","4":"format-standard","5":"has-post-thumbnail","7":"category-accion-politica","8":"tag-internacional-es","9":"tag-langileokpalestinarekin-es","10":"tag-palestina-es","11":"tag-portada-es"},"_links":{"self":[{"href":"https:\/\/www.lab.eus\/es\/wp-json\/wp\/v2\/posts\/83946","targetHints":{"allow":["GET"]}}],"collection":[{"href":"https:\/\/www.lab.eus\/es\/wp-json\/wp\/v2\/posts"}],"about":[{"href":"https:\/\/www.lab.eus\/es\/wp-json\/wp\/v2\/types\/post"}],"author":[{"embeddable":true,"href":"https:\/\/www.lab.eus\/es\/wp-json\/wp\/v2\/users\/1191"}],"replies":[{"embeddable":true,"href":"https:\/\/www.lab.eus\/es\/wp-json\/wp\/v2\/comments?post=83946"}],"version-history":[{"count":2,"href":"https:\/\/www.lab.eus\/es\/wp-json\/wp\/v2\/posts\/83946\/revisions"}],"predecessor-version":[{"id":83952,"href":"https:\/\/www.lab.eus\/es\/wp-json\/wp\/v2\/posts\/83946\/revisions\/83952"}],"wp:featuredmedia":[{"embeddable":true,"href":"https:\/\/www.lab.eus\/es\/wp-json\/wp\/v2\/media\/83780"}],"wp:attachment":[{"href":"https:\/\/www.lab.eus\/es\/wp-json\/wp\/v2\/media?parent=83946"}],"wp:term":[{"taxonomy":"category","embeddable":true,"href":"https:\/\/www.lab.eus\/es\/wp-json\/wp\/v2\/categories?post=83946"},{"taxonomy":"post_tag","embeddable":true,"href":"https:\/\/www.lab.eus\/es\/wp-json\/wp\/v2\/tags?post=83946"}],"curies":[{"name":"wp","href":"https:\/\/api.w.org\/{rel}","templated":true}]}}