{"id":83942,"date":"2025-10-09T08:20:08","date_gmt":"2025-10-09T08:20:08","guid":{"rendered":"https:\/\/www.lab.eus\/?p=83942"},"modified":"2025-10-09T08:20:11","modified_gmt":"2025-10-09T08:20:11","slug":"segundo-accidente-en-arcelo-mittal-de-sestao","status":"publish","type":"post","link":"https:\/\/www.lab.eus\/es\/segundo-accidente-en-arcelo-mittal-de-sestao\/","title":{"rendered":"Segundo accidente en Arcelo Mittal de Sestao"},"content":{"rendered":"\n<p><strong>Tras el Siniestro del martes, ayer se produci\u00f3 otro accidente grave en ArcelorMittal Sestao.<\/strong><\/p>\n\n\n\n<p>Un trabajador, que estaba soltando una pieza de grandes dimensiones con la ayuda de una gr\u00faa autopropulsada, fue atrapado a la altura de la cadera contra una estructura fija cuando \u00e9sta se libero de su gu\u00eda y se desplazo hacia el trabajador. Es una tarea habitual, y que nunca se ha establecido otra pr\u00e1ctica operativa segura, un sistema para realizarla que no conlleve el riesgo de que ocurra lo que ayer ocurrio. El trabajador hizo lo que se pide que haga.<\/p>\n\n\n\n<p>El trabajador fue trasladado al hospital, desconociendo en estos momentos el alcance de las heridas sufridas.<\/p>\n\n\n\n<p>LAB lleva tiempo denunciando la falta de compromiso de la empresa en materia de seguridad. Siendo un claro ejemplo de la poca preocupaci\u00f3n por los sucesos que la direcci\u00f3n productiva ha ordenado la puesta en marcha de la acer\u00eda cuando la ambulancia que deb\u00eda trasladar al trabajador a\u00fan se encontraba en el interior de la nave.<\/p>\n\n\n\n<p>Volvemos a encontrarnos con una patronal cuya \u00fanica preocupaci\u00f3n es la producci\u00f3n, relegando los derechos de los trabajadores, y la seguridad entre ellos, a la mera cumplimentaci\u00f3n de los documentos a los que est\u00e1n obligados a cumplimentar.&nbsp;<\/p>\n","protected":false},"excerpt":{"rendered":"<p>Tras el Siniestro del martes, ayer se produci\u00f3 otro accidente grave en ArcelorMittal Sestao. Un trabajador, que estaba soltando una pieza de grandes dimensiones con la ayuda de una gr\u00faa autopropulsada, fue atrapado a la altura de la cadera contra una estructura fija cuando \u00e9sta se libero de su gu\u00eda y se desplazo hacia el [&hellip;]<\/p>\n","protected":false},"author":1191,"featured_media":83940,"comment_status":"closed","ping_status":"closed","sticky":false,"template":"","format":"standard","meta":{"_monsterinsights_skip_tracking":false,"_monsterinsights_sitenote_active":false,"_monsterinsights_sitenote_note":"","_monsterinsights_sitenote_category":0,"footnotes":"","_links_to":"","_links_to_target":""},"categories":[18,2867,2868],"tags":[3033,3178,2996],"class_list":{"0":"post-83942","1":"post","2":"type-post","3":"status-publish","4":"format-standard","5":"has-post-thumbnail","7":"category-es-accion-sindical","8":"category-federaciones","9":"category-industria-es","10":"tag-accion-sindical-es","11":"tag-destacado-1","12":"tag-industria-es"},"_links":{"self":[{"href":"https:\/\/www.lab.eus\/es\/wp-json\/wp\/v2\/posts\/83942","targetHints":{"allow":["GET"]}}],"collection":[{"href":"https:\/\/www.lab.eus\/es\/wp-json\/wp\/v2\/posts"}],"about":[{"href":"https:\/\/www.lab.eus\/es\/wp-json\/wp\/v2\/types\/post"}],"author":[{"embeddable":true,"href":"https:\/\/www.lab.eus\/es\/wp-json\/wp\/v2\/users\/1191"}],"replies":[{"embeddable":true,"href":"https:\/\/www.lab.eus\/es\/wp-json\/wp\/v2\/comments?post=83942"}],"version-history":[{"count":1,"href":"https:\/\/www.lab.eus\/es\/wp-json\/wp\/v2\/posts\/83942\/revisions"}],"predecessor-version":[{"id":83943,"href":"https:\/\/www.lab.eus\/es\/wp-json\/wp\/v2\/posts\/83942\/revisions\/83943"}],"wp:featuredmedia":[{"embeddable":true,"href":"https:\/\/www.lab.eus\/es\/wp-json\/wp\/v2\/media\/83940"}],"wp:attachment":[{"href":"https:\/\/www.lab.eus\/es\/wp-json\/wp\/v2\/media?parent=83942"}],"wp:term":[{"taxonomy":"category","embeddable":true,"href":"https:\/\/www.lab.eus\/es\/wp-json\/wp\/v2\/categories?post=83942"},{"taxonomy":"post_tag","embeddable":true,"href":"https:\/\/www.lab.eus\/es\/wp-json\/wp\/v2\/tags?post=83942"}],"curies":[{"name":"wp","href":"https:\/\/api.w.org\/{rel}","templated":true}]}}