{"id":83932,"date":"2025-10-08T13:39:42","date_gmt":"2025-10-08T13:39:42","guid":{"rendered":"https:\/\/www.lab.eus\/?p=83932"},"modified":"2025-10-08T17:09:39","modified_gmt":"2025-10-08T17:09:39","slug":"paro-general-del-15-de-octubre-horarios-y-movilizaciones","status":"publish","type":"post","link":"https:\/\/www.lab.eus\/es\/paro-general-del-15-de-octubre-horarios-y-movilizaciones\/","title":{"rendered":"Paro general del 15 de octubre: horarios y movilizaciones"},"content":{"rendered":"\n<p>Los sindicatos LAB, CCOO, UGT, ESK, STEILAS, CGT, Etxalde e HIRU anunciaron la semana pasada la convocatoria de un Paro General para el 15 de octubre en Hego Euskal Herria. El 15 ser\u00e1 un d\u00eda de lucha, movilizaciones y asambleas que buscar\u00e1 la participaci\u00f3n activa de toda la clase trabajadora.<\/p>\n\n\n\n<p>Con este objetivo, para organizar un dise\u00f1o de movilizaciones para todas las trabajadoras y trabajadores, desde la convocatoria del paro hasta ahora se han producido una serie de cambios en los horarios, y los horarios definitivos del paro ser\u00e1n los siguientes:<\/p>\n\n\n\n<ul class=\"wp-block-list\">\n<li>Entre las 11:00 y las 14:00 horas las y los trabajadores de Hego Euskal Herria dejar\u00e1n de trabajar, y a las 11:00 horas llevar\u00e1n a cabo movilizaciones en los centros de trabajo. A las 12:30 horas se celebrar\u00e1n grandes manifestaciones en Bilbo, Donostia, Gasteiz e Iru\u00f1ea.<\/li>\n\n\n\n<li>En el caso de quienes trabajen a turnos, los paros ser\u00e1n entre las 03:00 y las 06:00 y las 19:00 y las 22:00 horas del 15 de octubre.<\/li>\n\n\n\n<li>Quienes finalicen su jornada de ma\u00f1ana a las 15:00 horas, realizar\u00e1n un paro de cuatro horas entre las 11:00 y las 15:00 horas; esto es, prolongar\u00e1n el paro una hora.<\/li>\n<\/ul>\n\n\n\n<p>El 15 de octubre, Gernika-Palestina ha convocado movilizaciones por la tarde en los municipios de Hego Euskal Herria, a las 19:30 horas, a las que se sumar\u00e1n los sindicatos convocantes del paro general como a cualquier otra movilizaci\u00f3n que se pudiera convocar en solidaridad con Palestina. En el caso de Iru\u00f1ea, la movilizaci\u00f3n de la tarde estar\u00e1 convocada por los sindicatos. Esta movilizaci\u00f3n partir\u00e1 a las 19:00 horas de la plaza del Castillo. En Tutera tambi\u00e9n habr\u00e1 movilizaciones convocadas por los sindicatos; a las 12:00 y a las 20:00 horas desde la plaza de los Fueros.<\/p>\n\n\n\n<p>La jornada de paro y movilizaci\u00f3n del 15 de octubre tendr\u00e1 los siguientes objetivos:<\/p>\n\n\n\n<ul class=\"wp-block-list\">\n<li>Mostrar la solidaridad de toda la clase trabajadora con el pueblo palestino.<\/li>\n\n\n\n<li>Denunciar el genocidio y los cr\u00edmenes contra la humanidad que Israel est\u00e1 cometiendo contra el pueblo palestino con el apoyo del Gobierno de Estados Unidos.<\/li>\n\n\n\n<li>Denunciar la continua colonizaci\u00f3n del territorio palestino en Cisjordania y sus graves consecuencias en las condiciones de trabajo y vida de las y los trabajadores palestinos.<\/li>\n\n\n\n<li>Reclamar el fin inmediato del genocidio en Gaza y exigir una soluci\u00f3n integral que ponga fin a la ocupaci\u00f3n y la colonizaci\u00f3n y garantice el derecho del pueblo palestino a vivir en libertad.<\/li>\n\n\n\n<li>Exigir a la patronal y a las instituciones, tanto propias como internacionales, el cese de toda relaci\u00f3n comercial con Israel. No se puede seguir haciendo negocio a costa del genocidio.<\/li>\n\n\n\n<li>Demandar la suspensi\u00f3n total del Acuerdo de Asociaci\u00f3n Uni\u00f3n Europea-Israel.<\/li>\n<\/ul>\n","protected":false},"excerpt":{"rendered":"<p>Los sindicatos LAB, CCOO, UGT, ESK, STEILAS, CGT, Etxalde e HIRU anunciaron la semana pasada la convocatoria de un Paro General para el 15 de octubre en Hego Euskal Herria. El 15 ser\u00e1 un d\u00eda de lucha, movilizaciones y asambleas que buscar\u00e1 la participaci\u00f3n activa de toda la clase trabajadora. Con este objetivo, para organizar [&hellip;]<\/p>\n","protected":false},"author":1191,"featured_media":83930,"comment_status":"closed","ping_status":"closed","sticky":false,"template":"","format":"standard","meta":{"_monsterinsights_skip_tracking":false,"_monsterinsights_sitenote_active":false,"_monsterinsights_sitenote_note":"","_monsterinsights_sitenote_category":0,"footnotes":"","_links_to":"","_links_to_target":""},"categories":[3402,18,4,2973],"tags":[3178,5343,3193,3279],"class_list":{"0":"post-83932","1":"post","2":"type-post","3":"status-publish","4":"format-standard","5":"has-post-thumbnail","7":"category-accion-politica","8":"category-es-accion-sindical","9":"category-es-internacional","10":"category-secretarias","11":"tag-destacado-1","12":"tag-langileokpalestinarekin-es","13":"tag-palestina-es","14":"tag-portada-es"},"_links":{"self":[{"href":"https:\/\/www.lab.eus\/es\/wp-json\/wp\/v2\/posts\/83932","targetHints":{"allow":["GET"]}}],"collection":[{"href":"https:\/\/www.lab.eus\/es\/wp-json\/wp\/v2\/posts"}],"about":[{"href":"https:\/\/www.lab.eus\/es\/wp-json\/wp\/v2\/types\/post"}],"author":[{"embeddable":true,"href":"https:\/\/www.lab.eus\/es\/wp-json\/wp\/v2\/users\/1191"}],"replies":[{"embeddable":true,"href":"https:\/\/www.lab.eus\/es\/wp-json\/wp\/v2\/comments?post=83932"}],"version-history":[{"count":2,"href":"https:\/\/www.lab.eus\/es\/wp-json\/wp\/v2\/posts\/83932\/revisions"}],"predecessor-version":[{"id":83936,"href":"https:\/\/www.lab.eus\/es\/wp-json\/wp\/v2\/posts\/83932\/revisions\/83936"}],"wp:featuredmedia":[{"embeddable":true,"href":"https:\/\/www.lab.eus\/es\/wp-json\/wp\/v2\/media\/83930"}],"wp:attachment":[{"href":"https:\/\/www.lab.eus\/es\/wp-json\/wp\/v2\/media?parent=83932"}],"wp:term":[{"taxonomy":"category","embeddable":true,"href":"https:\/\/www.lab.eus\/es\/wp-json\/wp\/v2\/categories?post=83932"},{"taxonomy":"post_tag","embeddable":true,"href":"https:\/\/www.lab.eus\/es\/wp-json\/wp\/v2\/tags?post=83932"}],"curies":[{"name":"wp","href":"https:\/\/api.w.org\/{rel}","templated":true}]}}