{"id":83925,"date":"2025-10-08T10:56:07","date_gmt":"2025-10-08T10:56:07","guid":{"rendered":"https:\/\/www.lab.eus\/?p=83925"},"modified":"2025-10-08T10:56:11","modified_gmt":"2025-10-08T10:56:11","slug":"lab-ugt-y-ela-inician-movilizaciones-para-exigir-la-negociacion-de-un-convenio-de-colectividades-en-navarra","status":"publish","type":"post","link":"https:\/\/www.lab.eus\/es\/lab-ugt-y-ela-inician-movilizaciones-para-exigir-la-negociacion-de-un-convenio-de-colectividades-en-navarra\/","title":{"rendered":"LAB, UGT y ELA inician movilizaciones para exigir la negociaci\u00f3n de un convenio de colectividades en Navarra"},"content":{"rendered":"\n<p><strong>Los sindicatos LAB, UGT y ELA han iniciado un calendario de movilizaciones para exigir a la patronal la constituci\u00f3n de la mesa de negociaci\u00f3n de un convenio de colectividades en Navarra que mejore las condiciones salariales y laborales de las trabajadoras y los trabajadores del sector.<\/strong><\/p>\n\n\n\n<p>El pasado 12 de septiembre, representantes de los tres sindicatos se reunieron para retomar los contactos y las acciones a desarrollar para conseguir un convenio sectorial en Navarra. Una semana m\u00e1s tarde, las tres organizaciones instaron a la patronal del convenio de colectividades estatal (Food Service Espa\u00f1a) y a la patronal de Hosteler\u00eda de Navarra para constituir una mesa de negociaci\u00f3n, petici\u00f3n que ya se hizo el curso pasado a trav\u00e9s de los distintos comit\u00e9s de empresa.<\/p>\n\n\n\n<p>LAB, UGT y ELA recuerdan que la Comunidad Aut\u00f3noma Vasca ha conseguido recientemente, gracias a las movilizaciones, constituir una mesa negociadora para su convenio auton\u00f3mico y que ha sido la patronal Ausolan quien ha colaborado para abrir dicha negociaci\u00f3n.<\/p>\n\n\n\n<p>Seg\u00fan se\u00f1alan los sindicatos, \u201cahora es aqu\u00ed, en Navarra, donde nos toca conseguirlo y, para ello, tendremos que movilizarnos\u201d. \u201cLa lucha merece la pena. Tenemos que conseguir que las patronales l\u00edderes del sector en Navarra abran tambi\u00e9n ese camino aqu\u00ed, aunque hemos comprobado hasta el momento que no es tarea f\u00e1cil\u201d, subrayan.<\/p>\n\n\n\n<p>Por todo ello, LAB, UGT y ELA han decidido iniciar un calendario de movilizaciones, que han comenzado hoy, en Zizur, con una concentraci\u00f3n de los trabajadores y trabajadoras de la empresa Aramark. Se har\u00e1n movilizaciones cada semana en distintos lugares de la comunidad hasta conseguir la negociaci\u00f3n de un convenio en Navarra.<\/p>\n\n\n\n<p>Calendario:<\/p>\n\n\n\n<ul class=\"wp-block-list\">\n<li>7 de octubre, 11:30. Colegios de Zizur (P\u00ba Kiroldea, Zizur) \u2013 empresa Aramark<\/li>\n\n\n\n<li>14 de octubre, 11:30. Colegios Liceo Monjard\u00edn- Sagrado Coraz\u00f3n (Rotonda Monjard\u00edn, Pamplona) &#8211; empresas Ausolan e Irigoyen Comedor Saludable<\/li>\n\n\n\n<li>21 de octubre, 14:30. Hospitales (Puerta principal, Pamplona) \u2013 empresa Eurest<\/li>\n\n\n\n<li>28 de octubre, 11:00. Tudela (La Meca &#8211; Residencia Misericordia, Tudela) \u2013 empresa Aramark<\/li>\n<\/ul>\n","protected":false},"excerpt":{"rendered":"<p>Los sindicatos LAB, UGT y ELA han iniciado un calendario de movilizaciones para exigir a la patronal la constituci\u00f3n de la mesa de negociaci\u00f3n de un convenio de colectividades en Navarra que mejore las condiciones salariales y laborales de las trabajadoras y los trabajadores del sector. El pasado 12 de septiembre, representantes de los tres [&hellip;]<\/p>\n","protected":false},"author":1191,"featured_media":83923,"comment_status":"closed","ping_status":"closed","sticky":false,"template":"","format":"standard","meta":{"_monsterinsights_skip_tracking":false,"_monsterinsights_sitenote_active":false,"_monsterinsights_sitenote_note":"","_monsterinsights_sitenote_category":0,"footnotes":"","_links_to":"","_links_to_target":""},"categories":[18,2867,8],"tags":[3033,3178,3171],"class_list":{"0":"post-83925","1":"post","2":"type-post","3":"status-publish","4":"format-standard","5":"has-post-thumbnail","7":"category-es-accion-sindical","8":"category-federaciones","9":"category-es-servicios-privados","10":"tag-accion-sindical-es","11":"tag-destacado-1","12":"tag-servicios-publicos-es"},"_links":{"self":[{"href":"https:\/\/www.lab.eus\/es\/wp-json\/wp\/v2\/posts\/83925","targetHints":{"allow":["GET"]}}],"collection":[{"href":"https:\/\/www.lab.eus\/es\/wp-json\/wp\/v2\/posts"}],"about":[{"href":"https:\/\/www.lab.eus\/es\/wp-json\/wp\/v2\/types\/post"}],"author":[{"embeddable":true,"href":"https:\/\/www.lab.eus\/es\/wp-json\/wp\/v2\/users\/1191"}],"replies":[{"embeddable":true,"href":"https:\/\/www.lab.eus\/es\/wp-json\/wp\/v2\/comments?post=83925"}],"version-history":[{"count":1,"href":"https:\/\/www.lab.eus\/es\/wp-json\/wp\/v2\/posts\/83925\/revisions"}],"predecessor-version":[{"id":83926,"href":"https:\/\/www.lab.eus\/es\/wp-json\/wp\/v2\/posts\/83925\/revisions\/83926"}],"wp:featuredmedia":[{"embeddable":true,"href":"https:\/\/www.lab.eus\/es\/wp-json\/wp\/v2\/media\/83923"}],"wp:attachment":[{"href":"https:\/\/www.lab.eus\/es\/wp-json\/wp\/v2\/media?parent=83925"}],"wp:term":[{"taxonomy":"category","embeddable":true,"href":"https:\/\/www.lab.eus\/es\/wp-json\/wp\/v2\/categories?post=83925"},{"taxonomy":"post_tag","embeddable":true,"href":"https:\/\/www.lab.eus\/es\/wp-json\/wp\/v2\/tags?post=83925"}],"curies":[{"name":"wp","href":"https:\/\/api.w.org\/{rel}","templated":true}]}}