{"id":83914,"date":"2025-10-07T15:38:06","date_gmt":"2025-10-07T15:38:06","guid":{"rendered":"https:\/\/www.lab.eus\/?p=83914"},"modified":"2025-10-07T15:50:03","modified_gmt":"2025-10-07T15:50:03","slug":"la-plantilla-de-enviser-logra-un-acuerdo-historico-tras-una-memorable-huelga-de-6-meses-trayendo-la-negociacion-colectiva-a-euskal-herria","status":"publish","type":"post","link":"https:\/\/www.lab.eus\/es\/la-plantilla-de-enviser-logra-un-acuerdo-historico-tras-una-memorable-huelga-de-6-meses-trayendo-la-negociacion-colectiva-a-euskal-herria\/","title":{"rendered":"La plantilla de ENVISER logra un acuerdo hist\u00f3rico tras una memorable huelga de 6 meses, trayendo la negociaci\u00f3n colectiva a Euskal Herria"},"content":{"rendered":"\n<p><strong>Tras m\u00e1s de 6 meses de intens\u00edsima e inconmensurable pelea, hemos logrado alcanzar un valioso acuerdo que contiene las reivindicaciones de la plantilla y pone fin a la huelga indefinida.<\/strong><\/p>\n\n\n\n<p>El preacuerdo fue firmado ayer en el PRECO y se ha ratificado en la Asamblea General de trabajadores y trabajadoras convocada por ESK y LAB que se ha celebrado esta misma tarde. Con esta ratificaci\u00f3n el Comit\u00e9 de huelga firmar\u00e1 de forma inminente el acuerdo que ponga fin a la huelga indefinida que se ha desarrollado durante m\u00e1s de 6 meses.<\/p>\n\n\n\n<p>Desde LAB queremos poner en valor y felicitar a la plantilla por el excelente trabajo realizado, la capacidad de organizaci\u00f3n y la determinaci\u00f3n que han demostrado las y los huelguistas durante todos estos meses.<\/p>\n\n\n\n<p>El sindicato, con su afiliaci\u00f3n, ha llevado una l\u00ednea clara de buscar la cohesi\u00f3n y la unidad de la plantilla y mantener e intensificar la lucha hasta conseguir los objetivos. Con ello se ha demostrado una vez m\u00e1s que trabajando la huelga se logra un gran apoyo social, se crean nuevas condiciones y se consiguen resultados. Por ello, queremos felicitar especialmente a nuestra afiliaci\u00f3n por el esfuerzo personal y militante que han desarrollado.<\/p>\n\n\n\n<p>Adem\u00e1s de los valiosos contenidos del acuerdo, desde el sindicato LAB consideramos que el gran titular de esta haza\u00f1a es que la plantilla de ENVISER ha logrado traer a Euskal Herria la negociaci\u00f3n colectiva, consiguiendo un Convenio propio que recoge unas condiciones de trabajo dignas.<\/p>\n\n\n\n<p>Por encima de la precariedad que supone estar bajo el yugo de un Convenio Estatal donde las y los trabajadores vascos no tenemos poder de decisi\u00f3n. Haciendo un ejercicio de soberan\u00eda a partir de ahora los y las trabajadoras de los servicios de conservaci\u00f3n de los parques y jardines, y mantenimiento del Anillo Verde de Gasteiz seremos due\u00f1os y due\u00f1as del futuro de nuestras condiciones de trabajo.<\/p>\n\n\n\n<p>Entrando a los contenidos conseguidos, hemos logrado unas subidas salariales lineales de 5000 \u20ac para la vigencia del Convenio (2025-2028), lo que supone un incremento de alrededor de un 25%, una reducci\u00f3n de 108 horas en la jornada anual, el acceso a la jubilaci\u00f3n parcial vinculada al contrato de relevo, mejoras en licencia y permisos y aumento del tiempo de bocadillo.<\/p>\n\n\n\n<p>Este acuerdo es fruto del compromiso colectivo. Hay que decirlo claro: pese al enorme sacrificio personal que ha supuesto, la lucha merece la pena.<\/p>\n","protected":false},"excerpt":{"rendered":"<p>Tras m\u00e1s de 6 meses de intens\u00edsima e inconmensurable pelea, hemos logrado alcanzar un valioso acuerdo que contiene las reivindicaciones de la plantilla y pone fin a la huelga indefinida. El preacuerdo fue firmado ayer en el PRECO y se ha ratificado en la Asamblea General de trabajadores y trabajadoras convocada por ESK y LAB [&hellip;]<\/p>\n","protected":false},"author":1191,"featured_media":83918,"comment_status":"closed","ping_status":"closed","sticky":false,"template":"","format":"standard","meta":{"_monsterinsights_skip_tracking":false,"_monsterinsights_sitenote_active":false,"_monsterinsights_sitenote_note":"","_monsterinsights_sitenote_category":0,"footnotes":"","_links_to":"","_links_to_target":""},"categories":[18],"tags":[3033,3178,5321],"class_list":{"0":"post-83914","1":"post","2":"type-post","3":"status-publish","4":"format-standard","5":"has-post-thumbnail","7":"category-es-accion-sindical","8":"tag-accion-sindical-es","9":"tag-destacado-1","10":"tag-lortu-dugu-es"},"_links":{"self":[{"href":"https:\/\/www.lab.eus\/es\/wp-json\/wp\/v2\/posts\/83914","targetHints":{"allow":["GET"]}}],"collection":[{"href":"https:\/\/www.lab.eus\/es\/wp-json\/wp\/v2\/posts"}],"about":[{"href":"https:\/\/www.lab.eus\/es\/wp-json\/wp\/v2\/types\/post"}],"author":[{"embeddable":true,"href":"https:\/\/www.lab.eus\/es\/wp-json\/wp\/v2\/users\/1191"}],"replies":[{"embeddable":true,"href":"https:\/\/www.lab.eus\/es\/wp-json\/wp\/v2\/comments?post=83914"}],"version-history":[{"count":1,"href":"https:\/\/www.lab.eus\/es\/wp-json\/wp\/v2\/posts\/83914\/revisions"}],"predecessor-version":[{"id":83915,"href":"https:\/\/www.lab.eus\/es\/wp-json\/wp\/v2\/posts\/83914\/revisions\/83915"}],"wp:featuredmedia":[{"embeddable":true,"href":"https:\/\/www.lab.eus\/es\/wp-json\/wp\/v2\/media\/83918"}],"wp:attachment":[{"href":"https:\/\/www.lab.eus\/es\/wp-json\/wp\/v2\/media?parent=83914"}],"wp:term":[{"taxonomy":"category","embeddable":true,"href":"https:\/\/www.lab.eus\/es\/wp-json\/wp\/v2\/categories?post=83914"},{"taxonomy":"post_tag","embeddable":true,"href":"https:\/\/www.lab.eus\/es\/wp-json\/wp\/v2\/tags?post=83914"}],"curies":[{"name":"wp","href":"https:\/\/api.w.org\/{rel}","templated":true}]}}