{"id":83906,"date":"2025-10-07T14:03:06","date_gmt":"2025-10-07T14:03:06","guid":{"rendered":"https:\/\/www.lab.eus\/?p=83906"},"modified":"2025-10-08T08:46:01","modified_gmt":"2025-10-08T08:46:01","slug":"el-paro-general-convocado-para-el-15-de-octubre-en-solidaridad-con-palestina-sera-de-todo-el-dia-en-todo-el-sistema-educativo-de-hego-euskal-herria-a-iniciativa-de-lab-y-steilas","status":"publish","type":"post","link":"https:\/\/www.lab.eus\/es\/el-paro-general-convocado-para-el-15-de-octubre-en-solidaridad-con-palestina-sera-de-todo-el-dia-en-todo-el-sistema-educativo-de-hego-euskal-herria-a-iniciativa-de-lab-y-steilas\/","title":{"rendered":"LAB y STEILAS convocan un paro de todo el d\u00eda en todo el sistema educativo de Hego Euskal Herria para el 15 de octubre"},"content":{"rendered":"\n<p><strong>El paro general convocado para el 15 de octubre en solidaridad con Palestina ser\u00e1 de todo el d\u00eda en todo el sistema educativo de Hego Euskal Herria, a iniciativa de LAB y STEILAS. Los sindicatos LAB, CCOO, UGT, ESK, STEILAS, CGT, Etxalde e HIRU han convocado para ese d\u00eda un paro general en Hego Euskal Herria y, teniendo en cuenta el \u00e9xito de las din\u00e1micas de movilizaci\u00f3n existentes en la educaci\u00f3n, LAB y STEILAS han decidido convertir este paro en un paro de todo el d\u00eda.<\/strong><\/p>\n\n\n\n<p>Dichos sindicatos creen que esta convocatoria, que llega desde las escuelas infantiles hasta la universidad e incluye a todos los colectivos que se dedican a la educaci\u00f3n, reforzar\u00e1 el paro general. Han llamado a las y los trabajadores a movilizarse en los centros de trabajo, realizar piquetes informativos y llenar a las 12:30 horas las calles de Bilbo, Gasteiz, Donostia e Iru\u00f1ea.<\/p>\n\n\n\n<p>La comunidad educativa ha denunciado desde el primer momento el brutal ataque israel\u00ed contra el Pueblo Palestino, ante el que se ha movilizado en varias ocasiones. Nadie duda de que lo que est\u00e1 ocurriendo hoy es un genocidio, salvo el propio Estado de Israel o los gobiernos e intereses econ\u00f3micos que lo sustentan.<\/p>\n\n\n\n<h6 class=\"wp-block-heading\"><strong>Reivindicaciones:<\/strong><\/h6>\n\n\n\n<ul class=\"wp-block-list\">\n<li>Mostrar la solidaridad de toda la clase trabajadora con el pueblo palestino.<\/li>\n\n\n\n<li>Denunciar el genocidio y los cr\u00edmenes de lesa humanidad que Israel, con el apoyo del Gobierno de EEUU, est\u00e1 cometiendo contra el pueblo palestino.<\/li>\n\n\n\n<li>Denunciar la continua colonizaci\u00f3n del territorio palestino cisjordano y denunciar las graves consecuencias que genera en las condiciones de trabajo y vida de la clase trabajadora palestina.<\/li>\n\n\n\n<li>Poner fin inmediato al genocidio en Gaza y reivindicar una soluci\u00f3n integral que ponga fin a la ocupaci\u00f3n y colonizaci\u00f3n de Palestina, garantizando el derecho del pueblo palestino a vivir en libertad.<\/li>\n\n\n\n<li>Denunciar la brutalidad de los menores fallecidos como trabajadores de la educaci\u00f3n.<\/li>\n\n\n\n<li>Exigir a la patronal y a las instituciones locales e internacionales el cese de toda relaci\u00f3n comercial con el Estado de Israel. No se puede seguir haciendo negocios a costa de un genocidio.<\/li>\n\n\n\n<li>Demandar la suspensi\u00f3n en su totalidad del Acuerdo de Asociaci\u00f3n Uni\u00f3n Europea-Israel.<\/li>\n<\/ul>\n\n\n\n<p><strong>\u00a1No al negocio con el genocidio! \u00a1Trabajadoras y trabajadores de la educaci\u00f3n con Palestina!<\/strong><\/p>\n","protected":false},"excerpt":{"rendered":"<p>El paro general convocado para el 15 de octubre en solidaridad con Palestina ser\u00e1 de todo el d\u00eda en todo el sistema educativo de Hego Euskal Herria, a iniciativa de LAB y STEILAS. Los sindicatos LAB, CCOO, UGT, ESK, STEILAS, CGT, Etxalde e HIRU han convocado para ese d\u00eda un paro general en Hego Euskal [&hellip;]<\/p>\n","protected":false},"author":1191,"featured_media":83904,"comment_status":"closed","ping_status":"closed","sticky":false,"template":"","format":"standard","meta":{"_monsterinsights_skip_tracking":false,"_monsterinsights_sitenote_active":false,"_monsterinsights_sitenote_note":"","_monsterinsights_sitenote_category":0,"footnotes":"","_links_to":"","_links_to_target":""},"categories":[18],"tags":[3033,3178,5343,3193],"class_list":{"0":"post-83906","1":"post","2":"type-post","3":"status-publish","4":"format-standard","5":"has-post-thumbnail","7":"category-es-accion-sindical","8":"tag-accion-sindical-es","9":"tag-destacado-1","10":"tag-langileokpalestinarekin-es","11":"tag-palestina-es"},"_links":{"self":[{"href":"https:\/\/www.lab.eus\/es\/wp-json\/wp\/v2\/posts\/83906","targetHints":{"allow":["GET"]}}],"collection":[{"href":"https:\/\/www.lab.eus\/es\/wp-json\/wp\/v2\/posts"}],"about":[{"href":"https:\/\/www.lab.eus\/es\/wp-json\/wp\/v2\/types\/post"}],"author":[{"embeddable":true,"href":"https:\/\/www.lab.eus\/es\/wp-json\/wp\/v2\/users\/1191"}],"replies":[{"embeddable":true,"href":"https:\/\/www.lab.eus\/es\/wp-json\/wp\/v2\/comments?post=83906"}],"version-history":[{"count":3,"href":"https:\/\/www.lab.eus\/es\/wp-json\/wp\/v2\/posts\/83906\/revisions"}],"predecessor-version":[{"id":83919,"href":"https:\/\/www.lab.eus\/es\/wp-json\/wp\/v2\/posts\/83906\/revisions\/83919"}],"wp:featuredmedia":[{"embeddable":true,"href":"https:\/\/www.lab.eus\/es\/wp-json\/wp\/v2\/media\/83904"}],"wp:attachment":[{"href":"https:\/\/www.lab.eus\/es\/wp-json\/wp\/v2\/media?parent=83906"}],"wp:term":[{"taxonomy":"category","embeddable":true,"href":"https:\/\/www.lab.eus\/es\/wp-json\/wp\/v2\/categories?post=83906"},{"taxonomy":"post_tag","embeddable":true,"href":"https:\/\/www.lab.eus\/es\/wp-json\/wp\/v2\/tags?post=83906"}],"curies":[{"name":"wp","href":"https:\/\/api.w.org\/{rel}","templated":true}]}}