{"id":83896,"date":"2025-10-07T13:25:28","date_gmt":"2025-10-07T13:25:28","guid":{"rendered":"https:\/\/www.lab.eus\/?p=83896"},"modified":"2025-10-07T13:25:31","modified_gmt":"2025-10-07T13:25:31","slug":"solidaridad-de-lab-con-los-y-las-militantes-juzgadas-por-garantizar-una-ruta-migratoria-segura-a-36-personas","status":"publish","type":"post","link":"https:\/\/www.lab.eus\/es\/solidaridad-de-lab-con-los-y-las-militantes-juzgadas-por-garantizar-una-ruta-migratoria-segura-a-36-personas\/","title":{"rendered":"Solidaridad de LAB con los y las militantes juzgadas por garantizar una ruta migratoria segura a 36 personas"},"content":{"rendered":"\n<p><strong>Varios y varias militantes han sido juzgados hoy en Baiona por ayudar a 36 migrantes a cruzar la frontera desde el puente de Santiago en el contexto de la Korrika del a\u00f1o pasado. Entre estos y estas se encuentran los miembros de LAB Argitxu Dufau y E\u00f1aut Aramendi. En la concentraci\u00f3n que ha precedido al juicio han recibido un amplio apoyo y han accedido al juzgado entre aplausos de las personas asistentes.<\/strong><\/p>\n\n\n\n<p>Igor Arroyo, coordinador general de LAB, ha estado en Baiona ha estado en Baiona junto a otras y otros miembros del sindicato, y ha se\u00f1alado que \u00abestamos orgullosas y orgullosos de estas y estos militantes que han prestado ayuda a las y los trabajadores migrados\u00bb. Ha a\u00f1adido que \u00abla solidaridad de clase no es un delito, sino un deber\u00bb. \u00abLas y los trabajadores migrantes forman parte de nuestra misma clase y en todos los lugares donde haya explotaci\u00f3n y persecuci\u00f3n ah\u00ed estar\u00e1 el sindicato, ayudando a las y los sindicatos trabajadores. Aunque vivan en un sitio o hayan nacido en otro, para nosotras y nosotros todos son trabajadoras y trabajadores y los defenderemos a todos y todas, por encima cualquier juicio\u00bb, ha se\u00f1alado.<\/p>\n\n\n\n<p><strong>Exitosa campa\u00f1a <em>J &#8216;accuse<\/em><\/strong><\/p>\n\n\n\n<p>Desde que el 2 de octubre del a\u00f1o pasado fueran llamadas a declarar en la comisar\u00eda de Hendaia, la ola de solidaridad recibida por las personas encausados durante todos estos meses ha sido constante. Prueba de ello ha sido la campa\u00f1a <em>J &#8216;accuse<\/em>, presentada el 20 de noviembre del a\u00f1o pasado en Ficoba de Irun en defensa del derecho a migrar y en protesta por las pol\u00edticas migratorias vigentes. Tras conseguir m\u00e1s de 5.000 autoinculpaciones individuales y el apoyo de 80 agentes, el 26 de enero logr\u00f3 movilizar a miles de personas entre Irun y Hendaia.<\/p>\n","protected":false},"excerpt":{"rendered":"<p>Varios y varias militantes han sido juzgados hoy en Baiona por ayudar a 36 migrantes a cruzar la frontera desde el puente de Santiago en el contexto de la Korrika del a\u00f1o pasado. Entre estos y estas se encuentran los miembros de LAB Argitxu Dufau y E\u00f1aut Aramendi. En la concentraci\u00f3n que ha precedido al [&hellip;]<\/p>\n","protected":false},"author":1191,"featured_media":83894,"comment_status":"closed","ping_status":"closed","sticky":false,"template":"","format":"standard","meta":{"_monsterinsights_skip_tracking":false,"_monsterinsights_sitenote_active":false,"_monsterinsights_sitenote_note":"","_monsterinsights_sitenote_category":0,"footnotes":"","_links_to":"","_links_to_target":""},"categories":[18],"tags":[3033,3178],"class_list":{"0":"post-83896","1":"post","2":"type-post","3":"status-publish","4":"format-standard","5":"has-post-thumbnail","7":"category-es-accion-sindical","8":"tag-accion-sindical-es","9":"tag-destacado-1"},"_links":{"self":[{"href":"https:\/\/www.lab.eus\/es\/wp-json\/wp\/v2\/posts\/83896","targetHints":{"allow":["GET"]}}],"collection":[{"href":"https:\/\/www.lab.eus\/es\/wp-json\/wp\/v2\/posts"}],"about":[{"href":"https:\/\/www.lab.eus\/es\/wp-json\/wp\/v2\/types\/post"}],"author":[{"embeddable":true,"href":"https:\/\/www.lab.eus\/es\/wp-json\/wp\/v2\/users\/1191"}],"replies":[{"embeddable":true,"href":"https:\/\/www.lab.eus\/es\/wp-json\/wp\/v2\/comments?post=83896"}],"version-history":[{"count":1,"href":"https:\/\/www.lab.eus\/es\/wp-json\/wp\/v2\/posts\/83896\/revisions"}],"predecessor-version":[{"id":83897,"href":"https:\/\/www.lab.eus\/es\/wp-json\/wp\/v2\/posts\/83896\/revisions\/83897"}],"wp:featuredmedia":[{"embeddable":true,"href":"https:\/\/www.lab.eus\/es\/wp-json\/wp\/v2\/media\/83894"}],"wp:attachment":[{"href":"https:\/\/www.lab.eus\/es\/wp-json\/wp\/v2\/media?parent=83896"}],"wp:term":[{"taxonomy":"category","embeddable":true,"href":"https:\/\/www.lab.eus\/es\/wp-json\/wp\/v2\/categories?post=83896"},{"taxonomy":"post_tag","embeddable":true,"href":"https:\/\/www.lab.eus\/es\/wp-json\/wp\/v2\/tags?post=83896"}],"curies":[{"name":"wp","href":"https:\/\/api.w.org\/{rel}","templated":true}]}}