{"id":83880,"date":"2025-10-06T14:46:34","date_gmt":"2025-10-06T14:46:34","guid":{"rendered":"https:\/\/www.lab.eus\/?p=83880"},"modified":"2025-10-06T15:07:05","modified_gmt":"2025-10-06T15:07:05","slug":"lab-denuncia-el-cierre-de-la-exposicion-sobre-la-historia-del-sindicato-por-parte-del-ayuntamiento-de-tudela","status":"publish","type":"post","link":"https:\/\/www.lab.eus\/es\/lab-denuncia-el-cierre-de-la-exposicion-sobre-la-historia-del-sindicato-por-parte-del-ayuntamiento-de-tudela\/","title":{"rendered":"LAB denuncia el cierre de la exposici\u00f3n sobre la historia del sindicato por parte del Ayuntamiento de Tudela"},"content":{"rendered":"\n<p><strong>La exposici\u00f3n <em>1974tik etorkizunera LAB zabaltzen<\/em> que resume la historia del sindicato deb\u00eda estar expuesta en el centro c\u00edvico La Rua de Tudela del 1 al 9 de octubre, ambos inclusive, pero el pasado s\u00e1bado el alcalde de UPN, Alejandro Toquero, orden\u00f3 clausurarla. LAB quiere denunciar este ataque obsesivo contra la libertad de expresi\u00f3n y ha advertido a Toquero de que el sindicato buscar\u00e1 los medios necesarios para que los tudelanos y las tudelanas puedan ver esta exposici\u00f3n.<\/strong><\/p>\n\n\n\n<p>La exposici\u00f3n ya se exhibi\u00f3 en el Parlamento de Navarra, en el mes de febrero de este a\u00f1o, como acto de clausura de la celebraci\u00f3n del 50 aniversario del sindicato y cont\u00f3 con la presencia en su inauguraci\u00f3n del presidente del Parlamento, Unai Hualde, y de miembros de varios grupos parlamentarios. Esta exposici\u00f3n recog\u00eda diez grandes paneles con algunos detalles sobre la historia general del sindicato, as\u00ed como la mayor\u00eda de los carteles de LAB del 1 de Mayo. Adem\u00e1s, mostraba la trayectoria del sindicato en Navarra, con datos e im\u00e1genes distribuidos en varias columnas expositivas de cuatro caras.<\/p>\n\n\n\n<p>Con motivo de la exposici\u00f3n parlamentaria, UPN y la Asociaci\u00f3n de Empresarios de Navarra CEN generaron mucho ruido. Al primero no le gust\u00f3 el cartel anunciador de una movilizaci\u00f3n de LAB contra la dispersi\u00f3n de presos en 2018, y al segundo le molest\u00f3 que, en un antiguo cartel del sindicato, se caricaturizara con la nariz larga al anterior presidente de la CEN . Sin embargo, a pesar del capricho de la derecha, la exposici\u00f3n sigui\u00f3 hasta el final en el Parlamento sin ning\u00fan problema y fue vista por cientos de ciudadanos y ciudadanas.<\/p>\n\n\n\n<p><strong>Exposici\u00f3n en Tudela<\/strong><\/p>\n\n\n\n<p>LAB comenz\u00f3 su trabajo sindical en la Ribera de Navarra hacia el a\u00f1o 1985. Hace 40 a\u00f1os. Y para recordar y destacar eso, decidi\u00f3 llevar la exposici\u00f3n del Parlamento a Tudela, concretamente al centro c\u00edvico La Rua. Para ello, realiz\u00f3 la correspondiente solicitud de autorizaci\u00f3n al Ayuntamiento de Tudela antes del verano, y tras recibir la autorizaci\u00f3n firmada, mont\u00f3 la exposici\u00f3n el 30 de septiembre y la inaugur\u00f3 el 1 de octubre. En Tudela, se encontraban todos los paneles expuestos en el Parlamento y una columna con decenas de fotos del trabajo realizado por LAB en la Ribera.<\/p>\n\n\n\n<p>A la hora de escribir estas l\u00edneas, el Ayuntamiento de Tudela a\u00fan no ha comunicado a LAB el cierre de la exposici\u00f3n. El sindicato ha conocido las causas del cierre por medio de la nota de prensa del Ayuntamiento a los medios. Para LAB, este comunicado es una mera fantas\u00eda. Prueba de ello es que el Ayuntamiento ha inventado que la exposici\u00f3n de LAB se llama Jon askatu!. No es as\u00ed. Entre las peque\u00f1as reproducciones de decenas de carteles que se pueden ver en toda la exposici\u00f3n hay una que pide la liberaci\u00f3n del que fuera secretario general de LAB, Jon Idigoras, en relaci\u00f3n a una de las causas finalmente absueltas, pero este peque\u00f1o cartel no da nombre a la exposici\u00f3n.<\/p>\n\n\n\n<p>La nota escrita por el Ayuntamiento de Tudela por encargo de Toquero afirma en su t\u00edtulo que la exposici\u00f3n de LAB \u201censalza a los presos de ETA\u201d. En el texto, sin embargo, se ha utilizado la condici\u00f3n para indicar que \u201clos paneles de presos de ETA podr\u00edan sugerir el enaltecimiento del terrorismo\u201d. Por el contrario, Toquero ha aplicado la censura y la prohibici\u00f3n de forma incondicional, y sin que medie denuncia alguna, ha impuesto una sanci\u00f3n al sindicato LAB.<\/p>\n\n\n\n<p>LAB entiende que a Alejandro Toquero no le guste este sindicato, del mismo modo que a LAB no le gustan y denuncia las pol\u00edticas econ\u00f3micas y laborales impulsadas por Toquero. Asimismo, LAB entiende que el partido de Toquero vea con malos ojos la creciente presencia de este sindicato en la Ribera. Pero esa enemistad no justifica este ataque contra la libertad de expresi\u00f3n, que es totalmente contrario a los valores democr\u00e1ticos.<\/p>\n\n\n\n<p>Caciques como Alejandro Toquero demuestran la importancia de que las manos de UPN est\u00e9n lejos del tim\u00f3n institucional de Navarra, para que no tengan ninguna posibilidad de tomar decisiones sobre las vidas de los trabajadores y trabajadoras navarras. LAB lleva m\u00e1s de 50 a\u00f1os enfrent\u00e1ndose a estas situaciones y as\u00ed seguir\u00e1 haci\u00e9ndolo. Adem\u00e1s, advierte a Toquero que buscar\u00e1 los caminos necesarios para que los tudelanos y las tudelanas puedan ver en su ciudad la exposici\u00f3n que cuenta todo esto.<\/p>\n","protected":false},"excerpt":{"rendered":"<p>La exposici\u00f3n 1974tik etorkizunera LAB zabaltzen que resume la historia del sindicato deb\u00eda estar expuesta en el centro c\u00edvico La Rua de Tudela del 1 al 9 de octubre, ambos inclusive, pero el pasado s\u00e1bado el alcalde de UPN, Alejandro Toquero, orden\u00f3 clausurarla. LAB quiere denunciar este ataque obsesivo contra la libertad de expresi\u00f3n y [&hellip;]<\/p>\n","protected":false},"author":1191,"featured_media":83878,"comment_status":"closed","ping_status":"closed","sticky":false,"template":"","format":"standard","meta":{"_monsterinsights_skip_tracking":false,"_monsterinsights_sitenote_active":false,"_monsterinsights_sitenote_note":"","_monsterinsights_sitenote_category":0,"footnotes":"","_links_to":"","_links_to_target":""},"categories":[18],"tags":[3033,3178],"class_list":{"0":"post-83880","1":"post","2":"type-post","3":"status-publish","4":"format-standard","5":"has-post-thumbnail","7":"category-es-accion-sindical","8":"tag-accion-sindical-es","9":"tag-destacado-1"},"_links":{"self":[{"href":"https:\/\/www.lab.eus\/es\/wp-json\/wp\/v2\/posts\/83880","targetHints":{"allow":["GET"]}}],"collection":[{"href":"https:\/\/www.lab.eus\/es\/wp-json\/wp\/v2\/posts"}],"about":[{"href":"https:\/\/www.lab.eus\/es\/wp-json\/wp\/v2\/types\/post"}],"author":[{"embeddable":true,"href":"https:\/\/www.lab.eus\/es\/wp-json\/wp\/v2\/users\/1191"}],"replies":[{"embeddable":true,"href":"https:\/\/www.lab.eus\/es\/wp-json\/wp\/v2\/comments?post=83880"}],"version-history":[{"count":2,"href":"https:\/\/www.lab.eus\/es\/wp-json\/wp\/v2\/posts\/83880\/revisions"}],"predecessor-version":[{"id":83883,"href":"https:\/\/www.lab.eus\/es\/wp-json\/wp\/v2\/posts\/83880\/revisions\/83883"}],"wp:featuredmedia":[{"embeddable":true,"href":"https:\/\/www.lab.eus\/es\/wp-json\/wp\/v2\/media\/83878"}],"wp:attachment":[{"href":"https:\/\/www.lab.eus\/es\/wp-json\/wp\/v2\/media?parent=83880"}],"wp:term":[{"taxonomy":"category","embeddable":true,"href":"https:\/\/www.lab.eus\/es\/wp-json\/wp\/v2\/categories?post=83880"},{"taxonomy":"post_tag","embeddable":true,"href":"https:\/\/www.lab.eus\/es\/wp-json\/wp\/v2\/tags?post=83880"}],"curies":[{"name":"wp","href":"https:\/\/api.w.org\/{rel}","templated":true}]}}