{"id":83852,"date":"2025-10-03T09:12:39","date_gmt":"2025-10-03T09:12:39","guid":{"rendered":"https:\/\/www.lab.eus\/?p=83852"},"modified":"2025-10-03T09:12:42","modified_gmt":"2025-10-03T09:12:42","slug":"el-sindicato-lab-participara-en-los-actos-del-80-aniversario-de-la-fsm-en-paris","status":"publish","type":"post","link":"https:\/\/www.lab.eus\/es\/el-sindicato-lab-participara-en-los-actos-del-80-aniversario-de-la-fsm-en-paris\/","title":{"rendered":"El sindicato LAB participar\u00e1 en los actos del 80 aniversario de la FSM en Par\u00eds"},"content":{"rendered":"\n<p><strong>La Federaci\u00f3n Sindical Mundial (FSM) se fund\u00f3 en 1945 y ser\u00e1 precisamente en esta ciudad donde se celebren los actos conmemorativos de su 80 aniversario. Al frente de la delegaci\u00f3n de LAB, acudir\u00e1 a Par\u00eds su coordinador general, Igor Arroyo.<\/strong><\/p>\n\n\n\n<p>Hace 80 a\u00f1os, tras una brutal Guerra Mundial y la derrota del fascismo, los sindicatos de todo el mundo volvieron a retomar un antiguo proyecto: crear una organizaci\u00f3n internacional que aglutinara a trabajadoras y trabajadores de todos los pa\u00edses.<\/p>\n\n\n\n<p>Desgraciadamente, debido a las presiones del bloque liderado por Estados Unidos, poco despu\u00e9s de la creaci\u00f3n de la FSM muchos sindicatos \u201coccidentales\u201d la abandonaron y crearon la CIOSL (actualmente CSI), de la que forman parte los sindicatos UGT, CCOO y ELA. Con la ca\u00edda de la Uni\u00f3n Sovi\u00e9tica, tambi\u00e9n la abandonaron otros sindicatos, como la CGT francesa.<\/p>\n\n\n\n<p>Sin embargo, la FSM super\u00f3 la crisis y comenz\u00f3 una fase de recuperaci\u00f3n a partir de 2005. Aunque su presencia en Europa es m\u00e1s limitada, representa actualmente a m\u00e1s de 100 millones de trabajadores y trabajadoras en todo el mundo.<\/p>\n\n\n\n<p>LAB ha sido compa\u00f1ero de viaje en la fase de recuperaci\u00f3n de la FSM. En 1990 particip\u00f3 por primera vez como observador en el Congreso de Mosc\u00fa y en el 2000 decidi\u00f3 sumarse a la FSM. Se convirti\u00f3 oficialmente en miembro de la FSM en el Congreso de La Habana de 2005, siendo reconocido como representante de Euskal Herria.<\/p>\n\n\n\n<p>Desde entonces, LAB ha tenido una participaci\u00f3n activa en la FSM, entre otros, en el Consejo Presidencial, principal \u00f3rgano de direcci\u00f3n, en la creaci\u00f3n de la Federaci\u00f3n del Metal o en el Comit\u00e9 de Mujeres Trabajadoras. Adem\u00e1s, ha contribuido a la articulaci\u00f3n de la FSM en el Estado espa\u00f1ol mediante la creaci\u00f3n de la denominada Coordinadora de Pueblos. En ella se re\u00fanen CUT Galiza, Intersindical Catalana, IAC, Intersindical Canaria, Intersindical Valenciana, CSI Asturies, CUT Arag\u00f3n y SAT Antaluc\u00eda. Con m\u00e1s de 120.000 afiliados y afiliadas en total, es una de las principales referencias de contrapoder a nivel estatal.<\/p>\n\n\n\n<p>Desde su fundaci\u00f3n, han sido cuatro las principales se\u00f1as de identidad de la FSM: la lucha de clases contra la explotaci\u00f3n; el antifascismo; el antiimperialismo y la defensa del derecho de autodeterminaci\u00f3n. Precisamente, estos cuatro valores tienen una presencia entre las y los trabajadores de Euskal Herria. Y son imprescindibles para hacer frente a la ola reaccionaria que se est\u00e1 extendiendo a nivel mundial.&nbsp;<\/p>\n","protected":false},"excerpt":{"rendered":"<p>La Federaci\u00f3n Sindical Mundial (FSM) se fund\u00f3 en 1945 y ser\u00e1 precisamente en esta ciudad donde se celebren los actos conmemorativos de su 80 aniversario. Al frente de la delegaci\u00f3n de LAB, acudir\u00e1 a Par\u00eds su coordinador general, Igor Arroyo. Hace 80 a\u00f1os, tras una brutal Guerra Mundial y la derrota del fascismo, los sindicatos [&hellip;]<\/p>\n","protected":false},"author":1191,"featured_media":70178,"comment_status":"closed","ping_status":"closed","sticky":false,"template":"","format":"standard","meta":{"_monsterinsights_skip_tracking":false,"_monsterinsights_sitenote_active":false,"_monsterinsights_sitenote_note":"","_monsterinsights_sitenote_category":0,"footnotes":"","_links_to":"","_links_to_target":""},"categories":[18],"tags":[3033,3178],"class_list":{"0":"post-83852","1":"post","2":"type-post","3":"status-publish","4":"format-standard","5":"has-post-thumbnail","7":"category-es-accion-sindical","8":"tag-accion-sindical-es","9":"tag-destacado-1"},"_links":{"self":[{"href":"https:\/\/www.lab.eus\/es\/wp-json\/wp\/v2\/posts\/83852","targetHints":{"allow":["GET"]}}],"collection":[{"href":"https:\/\/www.lab.eus\/es\/wp-json\/wp\/v2\/posts"}],"about":[{"href":"https:\/\/www.lab.eus\/es\/wp-json\/wp\/v2\/types\/post"}],"author":[{"embeddable":true,"href":"https:\/\/www.lab.eus\/es\/wp-json\/wp\/v2\/users\/1191"}],"replies":[{"embeddable":true,"href":"https:\/\/www.lab.eus\/es\/wp-json\/wp\/v2\/comments?post=83852"}],"version-history":[{"count":1,"href":"https:\/\/www.lab.eus\/es\/wp-json\/wp\/v2\/posts\/83852\/revisions"}],"predecessor-version":[{"id":83853,"href":"https:\/\/www.lab.eus\/es\/wp-json\/wp\/v2\/posts\/83852\/revisions\/83853"}],"wp:featuredmedia":[{"embeddable":true,"href":"https:\/\/www.lab.eus\/es\/wp-json\/wp\/v2\/media\/70178"}],"wp:attachment":[{"href":"https:\/\/www.lab.eus\/es\/wp-json\/wp\/v2\/media?parent=83852"}],"wp:term":[{"taxonomy":"category","embeddable":true,"href":"https:\/\/www.lab.eus\/es\/wp-json\/wp\/v2\/categories?post=83852"},{"taxonomy":"post_tag","embeddable":true,"href":"https:\/\/www.lab.eus\/es\/wp-json\/wp\/v2\/tags?post=83852"}],"curies":[{"name":"wp","href":"https:\/\/api.w.org\/{rel}","templated":true}]}}