{"id":83812,"date":"2025-10-01T13:40:35","date_gmt":"2025-10-01T13:40:35","guid":{"rendered":"https:\/\/www.lab.eus\/?p=83812"},"modified":"2025-10-01T13:40:38","modified_gmt":"2025-10-01T13:40:38","slug":"trabajadores-de-lurauto-gipuzkoa-bmw-en-lucha","status":"publish","type":"post","link":"https:\/\/www.lab.eus\/es\/trabajadores-de-lurauto-gipuzkoa-bmw-en-lucha\/","title":{"rendered":"Trabajadores de Lurauto Gipuzkoa (BMW) en lucha."},"content":{"rendered":"\n<p>Los y las trabajadoras de Lurauto, concesionario de BMW, situado en\u00a0Oiartzun, han comenzado a movilizarse en protesta por los incumplimientos por parte de la empresa de sus obligaciones laborales, as\u00ed como por la inquietud existente sobre el futuro de la empresa y de sus puestos de trabajo.<\/p>\n\n\n\n<p>Desde el\u00a0sindicato LAB\u00a0denunciamos que los y las trabajadoras \u00abllevan meses cobrando sus salarios tarde y de forma escalonada\u00bb incluso sin percibir a d\u00eda de hoy la n\u00f3mina de agosto. Tampoco se les ha aplicado este a\u00f1o la subida salarial correspondiente, recogida en el convenio del Metal de Gipuzkoa\u201d.<\/p>\n\n\n\n<p>Ante esta situaci\u00f3n, exigimos por una parte, a la direcci\u00f3n \u00abel abono de todas sus n\u00f3minas con las subidas del IPC de forma inmediata, y por otra, un cambio en la gesti\u00f3n, implementando medidas que garanticen la viabilidad del proyecto de la empresa\u00bb.<\/p>\n\n\n\n<p>Lurauto Oiartzun que es parte del grupo de Lurauto concesionarios ( junto con las de Bizkaia y Nafarroa, y que atraviesan por la misma situaci\u00f3n cr\u00edtica) , tiene una plantilla compuesta por&nbsp;<strong>49 personas<\/strong>, representadas por dos delegados de LAB y otra de CCOO. El riesgo de un concurso de acreedores y sus consecuencias, se cierne sobre m\u00e1s de 100 familias.<\/p>\n\n\n\n<p>Tras varias asambleas realizadas con los y las trabajadoras de esta planta, y si la direcci\u00f3n no atiende a sus demandas,este colectivo no descarta que el conflicto se recrudezca aumentando la intensidad de las movilizaciones, e incluso la huelga.<\/p>\n","protected":false},"excerpt":{"rendered":"<p>Los y las trabajadoras de Lurauto, concesionario de BMW, situado en\u00a0Oiartzun, han comenzado a movilizarse en protesta por los incumplimientos por parte de la empresa de sus obligaciones laborales, as\u00ed como por la inquietud existente sobre el futuro de la empresa y de sus puestos de trabajo. Desde el\u00a0sindicato LAB\u00a0denunciamos que los y las trabajadoras [&hellip;]<\/p>\n","protected":false},"author":1191,"featured_media":83810,"comment_status":"closed","ping_status":"closed","sticky":false,"template":"","format":"standard","meta":{"_monsterinsights_skip_tracking":false,"_monsterinsights_sitenote_active":false,"_monsterinsights_sitenote_note":"","_monsterinsights_sitenote_category":0,"footnotes":"","_links_to":"","_links_to_target":""},"categories":[18],"tags":[3033,3178],"class_list":{"0":"post-83812","1":"post","2":"type-post","3":"status-publish","4":"format-standard","5":"has-post-thumbnail","7":"category-es-accion-sindical","8":"tag-accion-sindical-es","9":"tag-destacado-1"},"_links":{"self":[{"href":"https:\/\/www.lab.eus\/es\/wp-json\/wp\/v2\/posts\/83812","targetHints":{"allow":["GET"]}}],"collection":[{"href":"https:\/\/www.lab.eus\/es\/wp-json\/wp\/v2\/posts"}],"about":[{"href":"https:\/\/www.lab.eus\/es\/wp-json\/wp\/v2\/types\/post"}],"author":[{"embeddable":true,"href":"https:\/\/www.lab.eus\/es\/wp-json\/wp\/v2\/users\/1191"}],"replies":[{"embeddable":true,"href":"https:\/\/www.lab.eus\/es\/wp-json\/wp\/v2\/comments?post=83812"}],"version-history":[{"count":1,"href":"https:\/\/www.lab.eus\/es\/wp-json\/wp\/v2\/posts\/83812\/revisions"}],"predecessor-version":[{"id":83813,"href":"https:\/\/www.lab.eus\/es\/wp-json\/wp\/v2\/posts\/83812\/revisions\/83813"}],"wp:featuredmedia":[{"embeddable":true,"href":"https:\/\/www.lab.eus\/es\/wp-json\/wp\/v2\/media\/83810"}],"wp:attachment":[{"href":"https:\/\/www.lab.eus\/es\/wp-json\/wp\/v2\/media?parent=83812"}],"wp:term":[{"taxonomy":"category","embeddable":true,"href":"https:\/\/www.lab.eus\/es\/wp-json\/wp\/v2\/categories?post=83812"},{"taxonomy":"post_tag","embeddable":true,"href":"https:\/\/www.lab.eus\/es\/wp-json\/wp\/v2\/tags?post=83812"}],"curies":[{"name":"wp","href":"https:\/\/api.w.org\/{rel}","templated":true}]}}