{"id":83763,"date":"2025-09-30T10:15:19","date_gmt":"2025-09-30T10:15:19","guid":{"rendered":"https:\/\/www.lab.eus\/?p=83763"},"modified":"2025-09-30T10:19:56","modified_gmt":"2025-09-30T10:19:56","slug":"lab-denuncia-la-criminalizacion-a-las-trabajadoras-del-comedor-escolar-del-colegio-el-regato-por-parte-de-la-empresa-serunion-tras-el-hallazgo-de-elementos-extranos-en-la-comida","status":"publish","type":"post","link":"https:\/\/www.lab.eus\/es\/lab-denuncia-la-criminalizacion-a-las-trabajadoras-del-comedor-escolar-del-colegio-el-regato-por-parte-de-la-empresa-serunion-tras-el-hallazgo-de-elementos-extranos-en-la-comida\/","title":{"rendered":"LAB denuncia la criminalizaci\u00f3n a las trabajadoras del comedor escolar del colegio El Regato por parte de la empresa Serunion tras el hallazgo de elementos extra\u00f1os en la comida"},"content":{"rendered":"\n<p><strong>El sindicato LAB denuncia p\u00fablicamente la actitud de la empresa Serunion, S.A., que ha optado por criminalizar a las trabajadoras del comedor escolar del colegio El Regato, tras detectarse presencia de elementos extra\u00f1os (posibles gorgojos) en la comida el pasado martes 16 de septiembre de 2025.<\/strong><\/p>\n\n\n\n<p>LAB considera inaceptable que, en lugar de asumir su responsabilidad como empresa gestionadora del servicio en el Colegio El Regato, Serunion haya optado por culpabilizar a las monitoras de comedor, en vez de poner el foco en los diferentes momentos de la cadena y no solamente en el momento en que las monitoras sirven la comida.<\/p>\n\n\n\n<p>Este no es un caso aislado. Ya en el a\u00f1o 2024, el propio Departamento de Educaci\u00f3n del Gobierno Vasco se vio obligado a rescindir los contratos con Serunion en varios comedores escolares de la red p\u00fablica, precisamente por irregularidades similares. La reincidencia de estos problemas demuestra una grave falta de control y rigor por parte de la empresa, que sigue priorizando el beneficio econ\u00f3mico por encima de la calidad del servicio y la seguridad del alumnado.<\/p>\n\n\n\n<p>Desde LAB queremos mostrar todo nuestro apoyo y solidaridad con las trabajadoras del comedor escolar del Colegio El Regato de Barakaldo. Resulta inadmisible que un hecho que evidencia deficiencias en la cadena de suministro de alimentos se traduzca en una campa\u00f1a de se\u00f1alamiento y presi\u00f3n contra estas trabajadoras.<\/p>\n\n\n\n<p>Asimismo, exigimos a las instituciones competentes que fiscalicen de forma rigurosa la actuaci\u00f3n de Serunion y garanticen que la calidad del servicio de comedor escolar no se antepone al beneficio empresarial.<\/p>\n\n\n\n<p>LAB reitera su compromiso con la defensa de los derechos laborales, la dignificaci\u00f3n del trabajo en los comedores escolares y la seguridad alimentaria en los centros educativos.&nbsp;<\/p>\n","protected":false},"excerpt":{"rendered":"<p>El sindicato LAB denuncia p\u00fablicamente la actitud de la empresa Serunion, S.A., que ha optado por criminalizar a las trabajadoras del comedor escolar del colegio El Regato, tras detectarse presencia de elementos extra\u00f1os (posibles gorgojos) en la comida el pasado martes 16 de septiembre de 2025. LAB considera inaceptable que, en lugar de asumir su [&hellip;]<\/p>\n","protected":false},"author":1191,"featured_media":83765,"comment_status":"closed","ping_status":"closed","sticky":false,"template":"","format":"standard","meta":{"_monsterinsights_skip_tracking":false,"_monsterinsights_sitenote_active":false,"_monsterinsights_sitenote_note":"","_monsterinsights_sitenote_category":0,"footnotes":"","_links_to":"","_links_to_target":""},"categories":[18,3058],"tags":[3033,3178],"class_list":{"0":"post-83763","1":"post","2":"type-post","3":"status-publish","4":"format-standard","5":"has-post-thumbnail","7":"category-es-accion-sindical","8":"category-cocinas-y-limpieza","9":"tag-accion-sindical-es","10":"tag-destacado-1"},"_links":{"self":[{"href":"https:\/\/www.lab.eus\/es\/wp-json\/wp\/v2\/posts\/83763","targetHints":{"allow":["GET"]}}],"collection":[{"href":"https:\/\/www.lab.eus\/es\/wp-json\/wp\/v2\/posts"}],"about":[{"href":"https:\/\/www.lab.eus\/es\/wp-json\/wp\/v2\/types\/post"}],"author":[{"embeddable":true,"href":"https:\/\/www.lab.eus\/es\/wp-json\/wp\/v2\/users\/1191"}],"replies":[{"embeddable":true,"href":"https:\/\/www.lab.eus\/es\/wp-json\/wp\/v2\/comments?post=83763"}],"version-history":[{"count":1,"href":"https:\/\/www.lab.eus\/es\/wp-json\/wp\/v2\/posts\/83763\/revisions"}],"predecessor-version":[{"id":83764,"href":"https:\/\/www.lab.eus\/es\/wp-json\/wp\/v2\/posts\/83763\/revisions\/83764"}],"wp:featuredmedia":[{"embeddable":true,"href":"https:\/\/www.lab.eus\/es\/wp-json\/wp\/v2\/media\/83765"}],"wp:attachment":[{"href":"https:\/\/www.lab.eus\/es\/wp-json\/wp\/v2\/media?parent=83763"}],"wp:term":[{"taxonomy":"category","embeddable":true,"href":"https:\/\/www.lab.eus\/es\/wp-json\/wp\/v2\/categories?post=83763"},{"taxonomy":"post_tag","embeddable":true,"href":"https:\/\/www.lab.eus\/es\/wp-json\/wp\/v2\/tags?post=83763"}],"curies":[{"name":"wp","href":"https:\/\/api.w.org\/{rel}","templated":true}]}}