{"id":83746,"date":"2025-09-29T13:49:08","date_gmt":"2025-09-29T13:49:08","guid":{"rendered":"https:\/\/www.lab.eus\/?p=83746"},"modified":"2025-09-29T13:49:11","modified_gmt":"2025-09-29T13:49:11","slug":"lab-da-pasos-a-favor-de-la-equiparacion-de-las-trabajadoras-del-ayuntamiento-de-hernani-en-el-servicio-de-ayuda-a-domicilio","status":"publish","type":"post","link":"https:\/\/www.lab.eus\/es\/lab-da-pasos-a-favor-de-la-equiparacion-de-las-trabajadoras-del-ayuntamiento-de-hernani-en-el-servicio-de-ayuda-a-domicilio\/","title":{"rendered":"LAB da pasos a favor de la equiparaci\u00f3n de las trabajadoras del ayuntamiento de Hernani en el servicio de ayuda a domicilio"},"content":{"rendered":"\n<p><strong>El sindicato LAB acaba de firmar el convenio que afecta a las trabajadoras de ayuda a domicilio de Hernani. El acuerdo supone importantes avances para las trabajadoras privatizadas de ayuda a domicilio de Hernani. De hecho, hemos dado pasos para acercar a las trabajadoras privatizados a las condiciones laborales de las y los empleados de la administraci\u00f3n p\u00fablica. LAB quiere destacar la voluntad del ayuntamiento, ya que es la administraci\u00f3n p\u00fablica la que financia el propio servicio. Por eso, el sindicato quiere destacar la apuesta, no s\u00f3lo econ\u00f3mica sino tambi\u00e9n estrat\u00e9gica, realizada por el ayuntamiento de Hernani.\u00a0<\/strong><\/p>\n\n\n\n<p>Algunos de los logros del acuerdo firmado por LAB son:<\/p>\n\n\n\n<ul class=\"wp-block-list\">\n<li>Convenio de 5 a\u00f1os de duraci\u00f3n.<\/li>\n\n\n\n<li>Incremento del 45% en salarios, d\u00e1ndose la equiparaci\u00f3n con el personal municipal.<\/li>\n\n\n\n<li>92 horas de trabajo menos, fijando la jornada anual de 1500 horas, que en c\u00f3mputo semanal ser\u00e1n 33 horas semanales.<\/li>\n\n\n\n<li>Otras mejoras importantes: se han reconocido que las incidencias no perjudiquen a las y los trabajadores; en caso de ausencia del usuario por motivos concretos y cuando el servicio no se pueda prestar, las y los trabajadores no tendr\u00e1 p\u00e9rdida y este servicio ser\u00e1 retribuido; en v\u00edsperas de fiestas especiales el servicio finalizar\u00e1 a las 14:00 horas; y en la ayuda a domicilio se reconocer\u00e1 el servicio de acompa\u00f1amiento. En definitiva, se ha otorgado a las y los trabajadores de ayuda domicilio el reconocimiento a su trabajo.&nbsp;<\/li>\n<\/ul>\n\n\n\n<p>Para LAB, la estrategia de los servicios de cuidados privatizados debe pasar por un cambio radical en el modelo y el propio sistema de cuidados de Euskal Herria. Deben ser un servicio p\u00fablico, y se deben publificar todos estos servicios y el personal privatizado, reconociendoles la condici\u00f3n de empleadas y empleados p\u00fablicos. En el camino, se necesita una apuesta pol\u00edtica integral y transparente por la equiparaci\u00f3n de las condiciones laborales de las y los trabajadores de cuidados privartizados.&nbsp;<\/p>\n\n\n\n<p>Asimismo, LAB exige valent\u00eda y compromiso a las administraciones p\u00fablicas de Hego Euskal Herria para que tomen el relevo de Hernani, para mejorar las condiciones laborales y de vida de las y los trabajadores municipio a municipio, mediante la subrogaci\u00f3n legal y eliminando el \u00e1nimo de lucro de los servicios de cuidados. El sistema p\u00fablico de cuidados de Euskal Herria hay que construirlo con todas y todos estos trabajadores privatizados y eso es lo que vamos a luchar desde el sindicato.&nbsp;<\/p>\n\n\n\n<p>Y es que, en el camino hacia la mejora de las condiciones laborales y de vida de las y los trabajadores de cuidados privatizados, LAB tiene en el punto de mira las elecciones municipales, forales y del Gobierno de Navarra de 2027. Luchar\u00e1 por acabar con la privatizaci\u00f3n y el negocio de los cuidados en las administraciones p\u00fablicas y por dar pasos a favor del Sistema P\u00fablico Comunitario de Cuidados.&nbsp;<\/p>\n\n\n\n<p>El sindicato quiere situar el modelo de gesti\u00f3n que privatiza los servicios de cuidados en el centro de la agenda social y pol\u00edtica en los pr\u00f3ximos a\u00f1os. Por ello, tal como ha hecho en Hernani, Astigarraga y Amurrio, continuar\u00e1 con el camino emprendido en otros municipios, reivindicando las equiparaciones y publificaciones de las trabajadoras de ayuda a domicilio.&nbsp;<\/p>\n","protected":false},"excerpt":{"rendered":"<p>El sindicato LAB acaba de firmar el convenio que afecta a las trabajadoras de ayuda a domicilio de Hernani. El acuerdo supone importantes avances para las trabajadoras privatizadas de ayuda a domicilio de Hernani. De hecho, hemos dado pasos para acercar a las trabajadoras privatizados a las condiciones laborales de las y los empleados de [&hellip;]<\/p>\n","protected":false},"author":1191,"featured_media":83744,"comment_status":"closed","ping_status":"closed","sticky":false,"template":"","format":"standard","meta":{"_monsterinsights_skip_tracking":false,"_monsterinsights_sitenote_active":false,"_monsterinsights_sitenote_note":"","_monsterinsights_sitenote_category":0,"footnotes":"","_links_to":"","_links_to_target":""},"categories":[18,6],"tags":[3033,3178,5321,3171],"class_list":{"0":"post-83746","1":"post","2":"type-post","3":"status-publish","4":"format-standard","5":"has-post-thumbnail","7":"category-es-accion-sindical","8":"category-es-servicios-publicos","9":"tag-accion-sindical-es","10":"tag-destacado-1","11":"tag-lortu-dugu-es","12":"tag-servicios-publicos-es"},"_links":{"self":[{"href":"https:\/\/www.lab.eus\/es\/wp-json\/wp\/v2\/posts\/83746","targetHints":{"allow":["GET"]}}],"collection":[{"href":"https:\/\/www.lab.eus\/es\/wp-json\/wp\/v2\/posts"}],"about":[{"href":"https:\/\/www.lab.eus\/es\/wp-json\/wp\/v2\/types\/post"}],"author":[{"embeddable":true,"href":"https:\/\/www.lab.eus\/es\/wp-json\/wp\/v2\/users\/1191"}],"replies":[{"embeddable":true,"href":"https:\/\/www.lab.eus\/es\/wp-json\/wp\/v2\/comments?post=83746"}],"version-history":[{"count":1,"href":"https:\/\/www.lab.eus\/es\/wp-json\/wp\/v2\/posts\/83746\/revisions"}],"predecessor-version":[{"id":83747,"href":"https:\/\/www.lab.eus\/es\/wp-json\/wp\/v2\/posts\/83746\/revisions\/83747"}],"wp:featuredmedia":[{"embeddable":true,"href":"https:\/\/www.lab.eus\/es\/wp-json\/wp\/v2\/media\/83744"}],"wp:attachment":[{"href":"https:\/\/www.lab.eus\/es\/wp-json\/wp\/v2\/media?parent=83746"}],"wp:term":[{"taxonomy":"category","embeddable":true,"href":"https:\/\/www.lab.eus\/es\/wp-json\/wp\/v2\/categories?post=83746"},{"taxonomy":"post_tag","embeddable":true,"href":"https:\/\/www.lab.eus\/es\/wp-json\/wp\/v2\/tags?post=83746"}],"curies":[{"name":"wp","href":"https:\/\/api.w.org\/{rel}","templated":true}]}}