{"id":83729,"date":"2025-09-29T08:29:37","date_gmt":"2025-09-29T08:29:37","guid":{"rendered":"https:\/\/www.lab.eus\/?p=83729"},"modified":"2025-09-29T08:29:40","modified_gmt":"2025-09-29T08:29:40","slug":"lab-exige-detener-la-externalizacion-del-servicio-de-bomberos-en-volkswagen-navarra","status":"publish","type":"post","link":"https:\/\/www.lab.eus\/es\/lab-exige-detener-la-externalizacion-del-servicio-de-bomberos-en-volkswagen-navarra\/","title":{"rendered":"LAB exige detener la externalizaci\u00f3n del servicio de bomberos en Volkswagen Navarra"},"content":{"rendered":"\n<p><strong>LAB exige a Volkswagen Navarra el cumplimiento \u00edntegro del acuerdo de organizaci\u00f3n del servicio de protecci\u00f3n contra incendios, el cese de la externalizaci\u00f3n, la contrataci\u00f3n de personal suficiente para garantizar cinco bomberos\/as por cuadrilla y la dotaci\u00f3n de medios t\u00e9cnicos y formaci\u00f3n adecuados a las necesidades detectadas.<\/strong><\/p>\n\n\n\n<p>Volkswagen Navarra ha decidido externalizar de manera inmediata el servicio de bomberos, proponiendo al Comit\u00e9 modificar el acuerdo vigente que establece que los bomberos sean exclusivamente plantilla de la empresa, sin participaci\u00f3n de empresas externas. Seg\u00fan la empresa, esta medida se basa en el supuesto deficiente cumplimiento del acuerdo y los riesgos derivados de no haber superado dos auditor\u00edas y de tener que cumplir una resoluci\u00f3n de la Inspecci\u00f3n de Trabajo.<\/p>\n\n\n\n<p>El colectivo de bomberos pertenece a la plantilla de VW Navarra por sentencia judicial desde 2017, tras haber recurrido al juzgado por cesi\u00f3n ilegal de trabajadores\/as y ganar la demanda para reclamar sus derechos. \u201cLa externalizaci\u00f3n del servicio de bomberos es un claro acto de venganza por parte de la Direcci\u00f3n de Volkswagen hacia los y las trabajadoras que les sacaron los colores en el juzgado\u201d, denuncia LAB.<\/p>\n\n\n\n<p>El servicio est\u00e1 compuesto por cinco brigadas de cinco bomberos en turnos de 12 horas. Seg\u00fan LAB, ha habido d\u00edas en que solo hab\u00eda un bombero por turno debido a la negativa de VW Navarra a contratar personal interino, pr\u00e1ctica habitual en otros departamentos. Adem\u00e1s, el sindicato critica que la Direcci\u00f3n de RRHH haya alegado un alto grado de ausentismo en el colectivo, cuando actualmente es similar al resto de la f\u00e1brica y ha estado durante a\u00f1os por debajo.<\/p>\n\n\n\n<p>Seg\u00fan RRHH de Volkswagen, el servicio de bomberos ha pasado en tres a\u00f1os de ser mod\u00e9lico, con cursos conjuntos con 400 bomberos del Gobierno de Navarra, a poner en riesgo a la empresa y a su plantilla. LAB se\u00f1ala que el comportamiento de la Direcci\u00f3n de RRHH \u201ces mezquino y ruin; han incumplido el acuerdo y pretenden cargar sus consecuencias al colectivo de bomberos que no tiene ninguna responsabilidad\u201d. El sindicato sostiene que la falta de personal, de formaci\u00f3n y de herramientas es responsabilidad exclusiva de la empresa, subrayando que la externalizaci\u00f3n amenaza la seguridad y eficacia del servicio.<\/p>\n\n\n\n<p>La Inspecci\u00f3n de Trabajo \u00fanicamente ha indicado a Volkswagen Navarra que cumpla el acuerdo existente y su propio plan de autoprotecci\u00f3n, sin adoptar otras medidas. El sindicato LAB, firmante del acuerdo y denunciante de su incumplimiento, muestra su preocupaci\u00f3n por el precedente que supone esta medida y por la posible extensi\u00f3n de la externalizaci\u00f3n a otros colectivos, como n\u00f3minas, mantenimiento, el taller de prensas, formaci\u00f3n o log\u00edstica.<\/p>\n\n\n\n<p>LAB reafirma su compromiso con la defensa de los derechos de los trabajadores y las trabajadoras y exige a Volkswagen Navarra garantizar un servicio de bomberos seguro, profesional y con los recursos necesarios para cumplir con su labor.<\/p>\n","protected":false},"excerpt":{"rendered":"<p>LAB exige a Volkswagen Navarra el cumplimiento \u00edntegro del acuerdo de organizaci\u00f3n del servicio de protecci\u00f3n contra incendios, el cese de la externalizaci\u00f3n, la contrataci\u00f3n de personal suficiente para garantizar cinco bomberos\/as por cuadrilla y la dotaci\u00f3n de medios t\u00e9cnicos y formaci\u00f3n adecuados a las necesidades detectadas. Volkswagen Navarra ha decidido externalizar de manera inmediata [&hellip;]<\/p>\n","protected":false},"author":1191,"featured_media":80874,"comment_status":"closed","ping_status":"closed","sticky":false,"template":"","format":"standard","meta":{"_monsterinsights_skip_tracking":false,"_monsterinsights_sitenote_active":false,"_monsterinsights_sitenote_note":"","_monsterinsights_sitenote_category":0,"footnotes":"","_links_to":"","_links_to_target":""},"categories":[18],"tags":[3033,3178],"class_list":{"0":"post-83729","1":"post","2":"type-post","3":"status-publish","4":"format-standard","5":"has-post-thumbnail","7":"category-es-accion-sindical","8":"tag-accion-sindical-es","9":"tag-destacado-1"},"_links":{"self":[{"href":"https:\/\/www.lab.eus\/es\/wp-json\/wp\/v2\/posts\/83729","targetHints":{"allow":["GET"]}}],"collection":[{"href":"https:\/\/www.lab.eus\/es\/wp-json\/wp\/v2\/posts"}],"about":[{"href":"https:\/\/www.lab.eus\/es\/wp-json\/wp\/v2\/types\/post"}],"author":[{"embeddable":true,"href":"https:\/\/www.lab.eus\/es\/wp-json\/wp\/v2\/users\/1191"}],"replies":[{"embeddable":true,"href":"https:\/\/www.lab.eus\/es\/wp-json\/wp\/v2\/comments?post=83729"}],"version-history":[{"count":1,"href":"https:\/\/www.lab.eus\/es\/wp-json\/wp\/v2\/posts\/83729\/revisions"}],"predecessor-version":[{"id":83730,"href":"https:\/\/www.lab.eus\/es\/wp-json\/wp\/v2\/posts\/83729\/revisions\/83730"}],"wp:featuredmedia":[{"embeddable":true,"href":"https:\/\/www.lab.eus\/es\/wp-json\/wp\/v2\/media\/80874"}],"wp:attachment":[{"href":"https:\/\/www.lab.eus\/es\/wp-json\/wp\/v2\/media?parent=83729"}],"wp:term":[{"taxonomy":"category","embeddable":true,"href":"https:\/\/www.lab.eus\/es\/wp-json\/wp\/v2\/categories?post=83729"},{"taxonomy":"post_tag","embeddable":true,"href":"https:\/\/www.lab.eus\/es\/wp-json\/wp\/v2\/tags?post=83729"}],"curies":[{"name":"wp","href":"https:\/\/api.w.org\/{rel}","templated":true}]}}