{"id":83725,"date":"2025-09-29T08:04:36","date_gmt":"2025-09-29T08:04:36","guid":{"rendered":"https:\/\/www.lab.eus\/?p=83725"},"modified":"2025-09-29T08:04:39","modified_gmt":"2025-09-29T08:04:39","slug":"trabajadores-subrogados-de-ute-goms-ansareo-infraestructuras-agasa-anarbeko-urak-en-lucha","status":"publish","type":"post","link":"https:\/\/www.lab.eus\/es\/trabajadores-subrogados-de-ute-goms-ansareo-infraestructuras-agasa-anarbeko-urak-en-lucha\/","title":{"rendered":"Trabajadores subrogados de UTE-GOMS (Ansareo Infraestructuras), Agasa (A\u00f1arbeko Urak) en lucha"},"content":{"rendered":"\n<p><strong>La plantilla de UTE-GOMS Ansareo, Infraestructuras, subrogada de Agasa (Aguas del A\u00f1arbe), queremos trasladar a la ciudadan\u00eda la situaci\u00f3n que estamos viviendo. Nos encontramos en un contexto de lucha ante la precarizaci\u00f3n del servicio de aguas, un servicio esencial para toda la ciudadan\u00eda. Nuestras reivindicaciones se centran en garantizar un servicio p\u00fablico de calidad sin olvidar que, como trabajadores, llevamos m\u00e1s de dos a\u00f1os sin convenio colectivo.<\/strong><\/p>\n\n\n\n<p>Tras la negativa de la empresa concesionaria a negociar unas condiciones laborales dignas, nos vemos obligados a movilizarnos para defender nuestros derechos. Pese a ello, seguimos realizando nuestro trabajo con esfuerzo y dedicaci\u00f3n, manteniendo los est\u00e1ndares de calidad para no perjudicar a la ciudadan\u00eda.<\/p>\n\n\n\n<p>Con esta lucha buscamos dos objetivos claros:<\/p>\n\n\n\n<p>Conciliar la vida laboral y familiar, as\u00ed como mantener la motivaci\u00f3n de la plantilla para desarrollar con ilusi\u00f3n nuestra labor diaria.<\/p>\n\n\n\n<p>Prestar un servicio de aguas con mayores garant\u00edas, como merece la ciudadan\u00eda.<\/p>\n\n\n\n<p>Apelamos a todas las partes implicadas en este conflicto a que se retome el di\u00e1logo, se ponga fin a las movilizaciones y se alcance un acuerdo que se traduzca en un convenio justo, ofreciendo as\u00ed una soluci\u00f3n satisfactoria para todas las partes.<\/p>\n","protected":false},"excerpt":{"rendered":"<p>La plantilla de UTE-GOMS Ansareo, Infraestructuras, subrogada de Agasa (Aguas del A\u00f1arbe), queremos trasladar a la ciudadan\u00eda la situaci\u00f3n que estamos viviendo. Nos encontramos en un contexto de lucha ante la precarizaci\u00f3n del servicio de aguas, un servicio esencial para toda la ciudadan\u00eda. Nuestras reivindicaciones se centran en garantizar un servicio p\u00fablico de calidad sin [&hellip;]<\/p>\n","protected":false},"author":1191,"featured_media":83723,"comment_status":"closed","ping_status":"closed","sticky":false,"template":"","format":"standard","meta":{"_monsterinsights_skip_tracking":false,"_monsterinsights_sitenote_active":false,"_monsterinsights_sitenote_note":"","_monsterinsights_sitenote_category":0,"footnotes":"","_links_to":"","_links_to_target":""},"categories":[18],"tags":[3033,3178],"class_list":{"0":"post-83725","1":"post","2":"type-post","3":"status-publish","4":"format-standard","5":"has-post-thumbnail","7":"category-es-accion-sindical","8":"tag-accion-sindical-es","9":"tag-destacado-1"},"_links":{"self":[{"href":"https:\/\/www.lab.eus\/es\/wp-json\/wp\/v2\/posts\/83725","targetHints":{"allow":["GET"]}}],"collection":[{"href":"https:\/\/www.lab.eus\/es\/wp-json\/wp\/v2\/posts"}],"about":[{"href":"https:\/\/www.lab.eus\/es\/wp-json\/wp\/v2\/types\/post"}],"author":[{"embeddable":true,"href":"https:\/\/www.lab.eus\/es\/wp-json\/wp\/v2\/users\/1191"}],"replies":[{"embeddable":true,"href":"https:\/\/www.lab.eus\/es\/wp-json\/wp\/v2\/comments?post=83725"}],"version-history":[{"count":1,"href":"https:\/\/www.lab.eus\/es\/wp-json\/wp\/v2\/posts\/83725\/revisions"}],"predecessor-version":[{"id":83726,"href":"https:\/\/www.lab.eus\/es\/wp-json\/wp\/v2\/posts\/83725\/revisions\/83726"}],"wp:featuredmedia":[{"embeddable":true,"href":"https:\/\/www.lab.eus\/es\/wp-json\/wp\/v2\/media\/83723"}],"wp:attachment":[{"href":"https:\/\/www.lab.eus\/es\/wp-json\/wp\/v2\/media?parent=83725"}],"wp:term":[{"taxonomy":"category","embeddable":true,"href":"https:\/\/www.lab.eus\/es\/wp-json\/wp\/v2\/categories?post=83725"},{"taxonomy":"post_tag","embeddable":true,"href":"https:\/\/www.lab.eus\/es\/wp-json\/wp\/v2\/tags?post=83725"}],"curies":[{"name":"wp","href":"https:\/\/api.w.org\/{rel}","templated":true}]}}