{"id":83699,"date":"2025-09-26T11:58:44","date_gmt":"2025-09-26T11:58:44","guid":{"rendered":"https:\/\/www.lab.eus\/?p=83699"},"modified":"2025-10-10T08:16:46","modified_gmt":"2025-10-10T08:16:46","slug":"15-de-octubre-jornada-de-paro-general-lucha-y-asambleas-por-palestina-en-araba-bizkaia-gipuzkoa-y-nafarroa","status":"publish","type":"post","link":"https:\/\/www.lab.eus\/es\/15-de-octubre-jornada-de-paro-general-lucha-y-asambleas-por-palestina-en-araba-bizkaia-gipuzkoa-y-nafarroa\/","title":{"rendered":"15 de octubre, jornada de Paro General, lucha y asambleas por Palestina en Araba, Bizkaia, Gipuzkoa y Nafarroa"},"content":{"rendered":"\n<p>Los sindicatos CCOO Euskadi y Navarra, LAB, STEILAS, Solidari, ETXALDE e HIRU anuncian la convocatoria de un Paro General para los territorios de Araba, Bizkaia, Gipuzkoa y Nafarroa. Una jornada de lucha, de movilizaci\u00f3n y asambleas de trabajadoras y trabajadores.<\/p>\n\n\n\n<p>Esta iniciativa est\u00e1 abierta a todos los sindicatos que deseen participar en la misma. La pr\u00f3xima semana se ofrecer\u00e1 una rueda de prensa para hacer p\u00fablica tanto la lista completa de convocantes como los diferentes detalles de la jornada:<\/p>\n\n\n\n<p>El objetivo es el siguiente:<\/p>\n\n\n\n<ul class=\"wp-block-list\">\n<li>Expresar la solidaridad del conjunto de la clase trabajadora con el pueblo palestino.<br><\/li>\n\n\n\n<li>Denunciar el genocidio y los cr\u00edmenes contra la humanidad que est\u00e1 cometiendo Israel contra el pueblo palestino con el apoyo del Gobierno de EEUU.<br><\/li>\n\n\n\n<li>Reclamar el fin inmediato del genocidio en Gaza y demandar una resoluci\u00f3n integral que acabe con la ocupaci\u00f3n y la colonizaci\u00f3n de Palestina, y garantice el derecho del pueblo palestino a vivir en libertad.<br><\/li>\n\n\n\n<li>Exigir a la patronal y a las instituciones, tanto propias como internacionales, que suspendan toda relaci\u00f3n comercial con el Estado de Israel. No se puede seguir haciendo negocio a costa de un genocidio.<br><\/li>\n\n\n\n<li>Demandar la suspensi\u00f3n en su totalidad del Acuerdo de Asociaci\u00f3n Uni\u00f3n Europea-Israel.<\/li>\n<\/ul>\n","protected":false},"excerpt":{"rendered":"<p>Los sindicatos CCOO Euskadi y Navarra, LAB, STEILAS, Solidari, ETXALDE e HIRU anuncian la convocatoria de un Paro General para los territorios de Araba, Bizkaia, Gipuzkoa y Nafarroa. Una jornada de lucha, de movilizaci\u00f3n y asambleas de trabajadoras y trabajadores. Esta iniciativa est\u00e1 abierta a todos los sindicatos que deseen participar en la misma. La [&hellip;]<\/p>\n","protected":false},"author":1191,"featured_media":83706,"comment_status":"closed","ping_status":"closed","sticky":false,"template":"","format":"standard","meta":{"_monsterinsights_skip_tracking":false,"_monsterinsights_sitenote_active":false,"_monsterinsights_sitenote_note":"","_monsterinsights_sitenote_category":0,"footnotes":"","_links_to":"","_links_to_target":""},"categories":[4,2973,3283],"tags":[3033,3178,5343,3193,3279],"class_list":{"0":"post-83699","1":"post","2":"type-post","3":"status-publish","4":"format-standard","5":"has-post-thumbnail","7":"category-es-internacional","8":"category-secretarias","9":"category-sin-categorizar","10":"tag-accion-sindical-es","11":"tag-destacado-1","12":"tag-langileokpalestinarekin-es","13":"tag-palestina-es","14":"tag-portada-es"},"_links":{"self":[{"href":"https:\/\/www.lab.eus\/es\/wp-json\/wp\/v2\/posts\/83699","targetHints":{"allow":["GET"]}}],"collection":[{"href":"https:\/\/www.lab.eus\/es\/wp-json\/wp\/v2\/posts"}],"about":[{"href":"https:\/\/www.lab.eus\/es\/wp-json\/wp\/v2\/types\/post"}],"author":[{"embeddable":true,"href":"https:\/\/www.lab.eus\/es\/wp-json\/wp\/v2\/users\/1191"}],"replies":[{"embeddable":true,"href":"https:\/\/www.lab.eus\/es\/wp-json\/wp\/v2\/comments?post=83699"}],"version-history":[{"count":2,"href":"https:\/\/www.lab.eus\/es\/wp-json\/wp\/v2\/posts\/83699\/revisions"}],"predecessor-version":[{"id":83707,"href":"https:\/\/www.lab.eus\/es\/wp-json\/wp\/v2\/posts\/83699\/revisions\/83707"}],"wp:featuredmedia":[{"embeddable":true,"href":"https:\/\/www.lab.eus\/es\/wp-json\/wp\/v2\/media\/83706"}],"wp:attachment":[{"href":"https:\/\/www.lab.eus\/es\/wp-json\/wp\/v2\/media?parent=83699"}],"wp:term":[{"taxonomy":"category","embeddable":true,"href":"https:\/\/www.lab.eus\/es\/wp-json\/wp\/v2\/categories?post=83699"},{"taxonomy":"post_tag","embeddable":true,"href":"https:\/\/www.lab.eus\/es\/wp-json\/wp\/v2\/tags?post=83699"}],"curies":[{"name":"wp","href":"https:\/\/api.w.org\/{rel}","templated":true}]}}