{"id":83694,"date":"2025-09-26T09:29:28","date_gmt":"2025-09-26T09:29:28","guid":{"rendered":"https:\/\/www.lab.eus\/?p=83694"},"modified":"2025-09-26T09:29:31","modified_gmt":"2025-09-26T09:29:31","slug":"lab-frena-en-osakidetza-dos-nuevos-intentos-de-privatizacion-evitando-que-millon-y-medio-de-euros-de-dinero-publico-acaben-en-manos-privadas","status":"publish","type":"post","link":"https:\/\/www.lab.eus\/es\/lab-frena-en-osakidetza-dos-nuevos-intentos-de-privatizacion-evitando-que-millon-y-medio-de-euros-de-dinero-publico-acaben-en-manos-privadas\/","title":{"rendered":"LAB frena en Osakidetza dos nuevos intentos de privatizaci\u00f3n, evitando que mill\u00f3n y medio de euros de dinero p\u00fablico acaben en manos privadas"},"content":{"rendered":"\n<p><strong>En las \u00faltimas semanas, el sindicato LAB ha conseguido frenar dos intentos de privatizaci\u00f3n en Osakidetza. Gracias al trabajo realizado en esta l\u00ednea en los \u00faltimos a\u00f1os, hemos logrado que 303 millones de euros no pasen a manos privadas, defendiendo lo que es p\u00fablico para todas y todos.<\/strong><\/p>\n\n\n\n<p>Estas cifras son mayores que las declaraciones realizadas por Osakidetza en relaci\u00f3n al volumen de privatizaci\u00f3n y, adem\u00e1s, dejan en evidencia los importes reconocidos en las contrataciones externas impulsadas bajo el denominado \u201cpacto por la salud\u201d, dirigidas por Confebask.<\/p>\n\n\n\n<p><strong>1. Servicios de soporte y mantenimiento TIC<\/strong><\/p>\n\n\n\n<p>El primer intento de privatizaci\u00f3n corresponde a la contrataci\u00f3n de los servicios de soporte y mantenimiento de los recursos TIC en las \u00e1reas corporativas de comunicaci\u00f3n, colaboraci\u00f3n, formaci\u00f3n y componentes web de Osakidetza, con <strong>un valor estimado de 1.128.960 euros<\/strong>.<\/p>\n\n\n\n<p>Osakidetza sigue instalada en un caos inform\u00e1tico que se prolonga en el tiempo: las listas de contrataci\u00f3n est\u00e1n llenas de errores, las actualizaciones no se realizan adecuadamente y tanto las listas de los procesos de estabilizaci\u00f3n como las de OPE ordinarias son incorrectas. Como consecuencia, algunas plazas se adjudican de forma err\u00f3nea y los concursos de traslados acumulan a\u00f1os de retraso. Todo ello lo justifica la direcci\u00f3n con la excusa de ser \u201cproblemas inform\u00e1ticos\u201d.<\/p>\n\n\n\n<p>Para LAB, esta situaci\u00f3n es consecuencia directa de la impunidad con la que act\u00faan las empresas externas en Osakidetza. Hemos preguntado una y otra vez en las mesas sectoriales qu\u00e9 medidas se han adoptado para corregir los graves errores cometidos reiteradamente por estas empresas inform\u00e1ticas, pero la direcci\u00f3n no ha dado respuesta.<\/p>\n\n\n\n<p>A pesar de que Osakidetza cuenta con una subdirecci\u00f3n de servicios inform\u00e1ticos, es evidente que la direcci\u00f3n no tiene inter\u00e9s en asumir estas tareas, sino en seguir delegando la responsabilidad en empresas privadas. Esta actitud constituye una pr\u00e1ctica sistem\u00e1tica contraria al inter\u00e9s p\u00fablico y exige una correcci\u00f3n inmediata.<\/p>\n\n\n\n<p><strong>2. Mantenimiento instalaciones termicas Debagoiena<\/strong><\/p>\n\n\n\n<p>El segundo intento de privatizaci\u00f3n corresponde al servicio de mantenimiento correctivo y preventivo de instalaciones termicas en la OSI Debagoiena, con <strong>un valor estimado de 392.400 euros<\/strong>.<\/p>\n\n\n\n<p>Osakidetza contin\u00faa protegiendo a determinadas empresas alegando que son las \u00fanicas capacitadas para realizar el mantenimiento de las instalaciones t\u00e9rmicas de sus edificios. Sin embargo, estos trabajos pueden realizarse directamente con personal propio de Osakidetza, y de hecho ya se realizan en muchos casos: nuestras trabajadoras y trabajadores llevan a cabo tareas como el cambio de filtros, mientras que las empresas las facturan al estar incluidas en los pliegos.<\/p>\n\n\n\n<p>Por ello, la postura de Osakidetza solo puede explicarse por el inter\u00e9s pol\u00edtico y econ\u00f3mico en mantener a esas empresas mediante la subcontrataci\u00f3n. Y es que Osakidetza podr\u00eda realizar esas\u00a0tareas directamente a trav\u00e9s de contrataci\u00f3n propia, ya que dispone de la capacidad t\u00e9cnica y los recursos necesarios.<\/p>\n\n\n\n<p>Seg\u00fan LAB, esto significa que Osakidetza no est\u00e1 cumpliendo con el art\u00edculo 30.3 de la Ley de Contratos del Sector P\u00fablico. Detr\u00e1s de estas contrataciones externas no existe otra justificaci\u00f3n que el inter\u00e9s por privatizar.<\/p>\n\n\n\n<p>En este contexto, LAB reafirma que la privatizaci\u00f3n en Osakidetza es una estrategia planificada y sostenida en el tiempo: su objetivo es debilitar la estructura de la sanidad p\u00fablica y abrir las puertas a intereses privados.&nbsp;<\/p>\n","protected":false},"excerpt":{"rendered":"<p>En las \u00faltimas semanas, el sindicato LAB ha conseguido frenar dos intentos de privatizaci\u00f3n en Osakidetza. Gracias al trabajo realizado en esta l\u00ednea en los \u00faltimos a\u00f1os, hemos logrado que 303 millones de euros no pasen a manos privadas, defendiendo lo que es p\u00fablico para todas y todos. Estas cifras son mayores que las declaraciones [&hellip;]<\/p>\n","protected":false},"author":1191,"featured_media":83692,"comment_status":"closed","ping_status":"closed","sticky":false,"template":"","format":"standard","meta":{"_monsterinsights_skip_tracking":false,"_monsterinsights_sitenote_active":false,"_monsterinsights_sitenote_note":"","_monsterinsights_sitenote_category":0,"footnotes":"","_links_to":"","_links_to_target":""},"categories":[18,3039,6],"tags":[3033,3178,3195,3171],"class_list":{"0":"post-83694","1":"post","2":"type-post","3":"status-publish","4":"format-standard","5":"has-post-thumbnail","7":"category-es-accion-sindical","8":"category-osakidetza-es-2","9":"category-es-servicios-publicos","10":"tag-accion-sindical-es","11":"tag-destacado-1","12":"tag-osakidetza-es","13":"tag-servicios-publicos-es"},"_links":{"self":[{"href":"https:\/\/www.lab.eus\/es\/wp-json\/wp\/v2\/posts\/83694","targetHints":{"allow":["GET"]}}],"collection":[{"href":"https:\/\/www.lab.eus\/es\/wp-json\/wp\/v2\/posts"}],"about":[{"href":"https:\/\/www.lab.eus\/es\/wp-json\/wp\/v2\/types\/post"}],"author":[{"embeddable":true,"href":"https:\/\/www.lab.eus\/es\/wp-json\/wp\/v2\/users\/1191"}],"replies":[{"embeddable":true,"href":"https:\/\/www.lab.eus\/es\/wp-json\/wp\/v2\/comments?post=83694"}],"version-history":[{"count":1,"href":"https:\/\/www.lab.eus\/es\/wp-json\/wp\/v2\/posts\/83694\/revisions"}],"predecessor-version":[{"id":83695,"href":"https:\/\/www.lab.eus\/es\/wp-json\/wp\/v2\/posts\/83694\/revisions\/83695"}],"wp:featuredmedia":[{"embeddable":true,"href":"https:\/\/www.lab.eus\/es\/wp-json\/wp\/v2\/media\/83692"}],"wp:attachment":[{"href":"https:\/\/www.lab.eus\/es\/wp-json\/wp\/v2\/media?parent=83694"}],"wp:term":[{"taxonomy":"category","embeddable":true,"href":"https:\/\/www.lab.eus\/es\/wp-json\/wp\/v2\/categories?post=83694"},{"taxonomy":"post_tag","embeddable":true,"href":"https:\/\/www.lab.eus\/es\/wp-json\/wp\/v2\/tags?post=83694"}],"curies":[{"name":"wp","href":"https:\/\/api.w.org\/{rel}","templated":true}]}}