{"id":83679,"date":"2025-09-25T17:56:28","date_gmt":"2025-09-25T17:56:28","guid":{"rendered":"https:\/\/www.lab.eus\/?p=83679"},"modified":"2025-09-25T17:57:42","modified_gmt":"2025-09-25T17:57:42","slug":"lab-propone-a-todos-los-sindicatos-ponerse-de-acuerdo-para-dar-una-respuesta-lo-mas-contundente-posible-a-favor-de-palestina","status":"publish","type":"post","link":"https:\/\/www.lab.eus\/es\/lab-propone-a-todos-los-sindicatos-ponerse-de-acuerdo-para-dar-una-respuesta-lo-mas-contundente-posible-a-favor-de-palestina\/","title":{"rendered":"LAB propone a todos los sindicatos ponerse de acuerdo para dar una respuesta lo m\u00e1s contundente posible a favor de Palestina"},"content":{"rendered":"\n<p>Euskal Herria est\u00e1 siendo pionera en cuanto a solidaridad con Palestina. En las \u00faltimas semanas ha habido una oleada de movilizaciones para denunciar el genocidio. La inmensa mayor\u00eda de las y los vascos y de las y los trabajadores ha hecho suyo el clamor por la ruptura de relaciones con Israel.<\/p>\n\n\n\n<p>Con estas reivindicaciones, LAB llevaba semanas trabajando para dar una respuesta lo m\u00e1s contundente y amplia posible en el \u00e1mbito sindical y compartiendo esa necesidad con el resto de sindicatos. En este contexto, se ha anunciado una jornada de paros y movilizaciones a nivel estatal. LAB ve la oportunidad y la necesidad de consensuar de cara al 15 de octubre entre todos los sindicatos de Hego Euskal Herria un mensaje contundente y un s\u00f3lido dise\u00f1o de movilizaci\u00f3n, y ve la posibilidad, a trav\u00e9s de un paro general, de parar los centros de trabajo de Euskal Herria. Para ello, LAB considera que es el momento de dejar de lado las proyecciones e intereses corporativos de cada sindicato. La crudeza del genocidio que est\u00e1 viviendo el pueblo palestino exige, a juicio de LAB, actuar con responsabilidad, hacer fuerza en la reivindicaci\u00f3n que nos une, dejar en un segundo plano las diferencias que tenemos. En eso est\u00e1 LAB, con los otros sindicatos, y con ELA, por supuesto, explorando diferentes posibilidades de movilizaci\u00f3n a nivel privado.<\/p>\n\n\n\n<p>El objetivo de LAB es claro: posibilitar una movilizaci\u00f3n de la clase trabajadora vasca lo m\u00e1s amplia posible a favor del Pueblo Palestino, contra el genocidio y a favor de la ruptura de relaciones con Israel.<\/p>\n","protected":false},"excerpt":{"rendered":"<p>El objetivo de LAB es claro: posibilitar una movilizaci\u00f3n de la clase trabajadora vasca lo m\u00e1s amplia posible a favor del Pueblo Palestino, contra el genocidio y a favor de la ruptura de relaciones con Israel.<\/p>\n","protected":false},"author":1191,"featured_media":83677,"comment_status":"closed","ping_status":"closed","sticky":false,"template":"","format":"standard","meta":{"_monsterinsights_skip_tracking":false,"_monsterinsights_sitenote_active":false,"_monsterinsights_sitenote_note":"","_monsterinsights_sitenote_category":0,"footnotes":"","_links_to":"","_links_to_target":""},"categories":[4,2973],"tags":[3033,3178,3193],"class_list":{"0":"post-83679","1":"post","2":"type-post","3":"status-publish","4":"format-standard","5":"has-post-thumbnail","7":"category-es-internacional","8":"category-secretarias","9":"tag-accion-sindical-es","10":"tag-destacado-1","11":"tag-palestina-es"},"_links":{"self":[{"href":"https:\/\/www.lab.eus\/es\/wp-json\/wp\/v2\/posts\/83679","targetHints":{"allow":["GET"]}}],"collection":[{"href":"https:\/\/www.lab.eus\/es\/wp-json\/wp\/v2\/posts"}],"about":[{"href":"https:\/\/www.lab.eus\/es\/wp-json\/wp\/v2\/types\/post"}],"author":[{"embeddable":true,"href":"https:\/\/www.lab.eus\/es\/wp-json\/wp\/v2\/users\/1191"}],"replies":[{"embeddable":true,"href":"https:\/\/www.lab.eus\/es\/wp-json\/wp\/v2\/comments?post=83679"}],"version-history":[{"count":2,"href":"https:\/\/www.lab.eus\/es\/wp-json\/wp\/v2\/posts\/83679\/revisions"}],"predecessor-version":[{"id":83681,"href":"https:\/\/www.lab.eus\/es\/wp-json\/wp\/v2\/posts\/83679\/revisions\/83681"}],"wp:featuredmedia":[{"embeddable":true,"href":"https:\/\/www.lab.eus\/es\/wp-json\/wp\/v2\/media\/83677"}],"wp:attachment":[{"href":"https:\/\/www.lab.eus\/es\/wp-json\/wp\/v2\/media?parent=83679"}],"wp:term":[{"taxonomy":"category","embeddable":true,"href":"https:\/\/www.lab.eus\/es\/wp-json\/wp\/v2\/categories?post=83679"},{"taxonomy":"post_tag","embeddable":true,"href":"https:\/\/www.lab.eus\/es\/wp-json\/wp\/v2\/tags?post=83679"}],"curies":[{"name":"wp","href":"https:\/\/api.w.org\/{rel}","templated":true}]}}