{"id":83617,"date":"2025-09-24T12:56:04","date_gmt":"2025-09-24T12:56:04","guid":{"rendered":"https:\/\/www.lab.eus\/?p=83617"},"modified":"2025-09-24T12:56:07","modified_gmt":"2025-09-24T12:56:07","slug":"1975-2025-queriamos-cambiarlo-todo-queremos-cambiarlo-todo","status":"publish","type":"post","link":"https:\/\/www.lab.eus\/es\/1975-2025-queriamos-cambiarlo-todo-queremos-cambiarlo-todo\/","title":{"rendered":"1975-2025. Quer\u00edamos cambiarlo todo. Queremos cambiarlo todo."},"content":{"rendered":"\n<p><strong>Hay dos formas de entender el sindicalismo. La de quienes apuestan por la concertaci\u00f3n y dejan la confrontaci\u00f3n en un segundo plano, por un lado, y la de quienes apostamos por un sindicalismo de contrapoder, por otro, la de quienes situamos la fuerza de las y los trabajadores en la organizaci\u00f3n y la capacidad de lucha. Algunos sindicatos se limitan a defender los derechos que la legislaci\u00f3n del momento reconoce a las y los trabajadores. Nosotros y nosotras, en cambio, no nos conformamos con eso, el nuestro es el sindicalismo vasco transformador. Queremos cambiar la legislaci\u00f3n vigente, el orden econ\u00f3mico y social vigente. En primer lugar, porque no es justo; porque se basa en la opresi\u00f3n de los y las trabajadoras, de las mujeres* y de los pueblos. Y en segundo, porque es cada vez m\u00e1s inviable, porque est\u00e1 poniendo en jaque la vida del planeta.<\/strong><\/p>\n\n\n\n<p>Por lo tanto, el nuestro es un sindicato socio-pol\u00edtico. As\u00ed ha sido desde su creaci\u00f3n, hace cinco d\u00e9cadas. En aquella \u00e9poca el movimiento obrero vasco ten\u00eda mucha fuerza. No s\u00f3lo reivindicaba derechos laborales, sino tambi\u00e9n derechos civiles y pol\u00edticos; entre ellos, el derecho a constituir sindicatos aut\u00f3nomos y elegir la representaci\u00f3n sindical. Reivindicaba el fin de la dictadura vigente durante cuarenta a\u00f1os, la amnist\u00eda para todas las personas represaliadas, el derecho de autodeterminaci\u00f3n de Euskal Herria.<\/p>\n\n\n\n<p>El siguiente fue un hito entre los acontecimientos hist\u00f3ricos que demuestran el compromiso pol\u00edtico del movimiento de trabajadores y trabajadoras de la \u00e9poca: cuando un agonizante Franco firm\u00f3 sus \u00faltimas condenas a muerte, se llev\u00f3 a cabo una Huelga General de tres d\u00edas en Hego Euskal Herria. El 27 de septiembre de 1975 Txiki y Otaegi fueron fusilados por el r\u00e9gimen con el fin de truncar la lucha por la liberaci\u00f3n nacional de Euskal Herria. El 3 de marzo de 1976 se produjo la masacre de Gasteiz: la polic\u00eda dispar\u00f3 contra miles de trabajadores y trabajadoras que reclamaban mejoras laborales, y asesin\u00f3 a cinco de ellos.<\/p>\n\n\n\n<p>El camino recorrido para denunciar los acontecimientos del 3 de marzo y exigir responsabilidades ha sido largo. Los sucesivos gobiernos espa\u00f1oles se han negado a asumir la responsabilidad que corresponde al estado. Afortunadamente, el trabajo realizado por la iniciativa popular ha dado sus frutos y, entre otros, la iglesia que fue testigo de la masacre de Gasteiz se convertir\u00e1 en un centro oficial para la memoria. El 50 aniversario es una buena ocasi\u00f3n para dar un impulso a la memoria y al reconocimiento hist\u00f3rico y, sobre todo, a la lucha de la clase trabajadora vasca.<\/p>\n\n\n\n<p>De hecho, con este tipo de actos represivos, la \u00e9lite franquista pretend\u00eda establecer con claridad los l\u00edmites de lo que se conoci\u00f3 como la \u00abtransici\u00f3n espa\u00f1ola\u00bb: ni derecho de autodeterminaci\u00f3n ni transformaci\u00f3n social. Esta fue la denuncia realizada en la \u00e9poca por el reci\u00e9n creado LAB. Y esa ha sido la esencia de la lucha que hemos llevado adelante en estos 50 a\u00f1os: abrir la puerta a la liberaci\u00f3n nacional y social de Euskal Herria. Y en cuanto al \u00e1mbito sociolaboral, la constituci\u00f3n del Marco Vasco de Relaciones Laborales y Protecci\u00f3n Social.<\/p>\n\n\n\n<p>Gracias a la lucha de las y los trabajadores, desde 1975-76 hemos conseguido avances en derechos laborales, reconocimiento sindical, en infraestructuras de barrios obreros, servicios p\u00fablicos, creaci\u00f3n de instituciones propias. Tambi\u00e9n de ahora en adelante la lucha ser\u00e1 necesaria para defender derechos conseguidos y conquistar nuevos derechos, entre otros, el establecimiento del salario m\u00ednimo y la pensi\u00f3n propia o la creaci\u00f3n de un sistema p\u00fablico y comunitario de cuidados. La lucha ser\u00e1 necesaria para dar pasos en la liberaci\u00f3n nacional y social de Euskal Herria.<\/p>\n\n\n\n<p>Frente a la ofensiva neoliberal, frente a los fascismos renovados, lo que defendemos es un profundo cambio de l\u00f3gica. Pasar del modelo que sit\u00faa en el centro a los beneficios de unos pocos al modelo con pondr\u00e1 en el centro la vida de todos y todas. En Euskal Herria hay posibilidades de avanzar en esa direcci\u00f3n. Tenemos que conseguir la mayor soberan\u00eda posible para mejorar las condiciones laborales y de vida de los y las trabajadoras vascas, acabar con la violencia y la discriminaci\u00f3n hacia las mujeres*, ser pueblo de acogida, poder vivir y trabajar en euskera.<\/p>\n\n\n\n<p>Como hace 50 a\u00f1os, tambi\u00e9n ahora decimos alto y claro: no nos limitaremos a cumplir la funci\u00f3n que el orden econ\u00f3mico y social actual nos concede. De la misma forma que las y los trabajadores de entonces, \u00a1nosotros y nosotras tambi\u00e9n queremos cambiarlo todo, vamos a cambiarlo todo!<\/p>\n","protected":false},"excerpt":{"rendered":"<p>Hay dos formas de entender el sindicalismo. La de quienes apuestan por la concertaci\u00f3n y dejan la confrontaci\u00f3n en un segundo plano, por un lado, y la de quienes apostamos por un sindicalismo de contrapoder, por otro, la de quienes situamos la fuerza de las y los trabajadores en la organizaci\u00f3n y la capacidad de [&hellip;]<\/p>\n","protected":false},"author":1191,"featured_media":83611,"comment_status":"closed","ping_status":"closed","sticky":false,"template":"","format":"standard","meta":{"_monsterinsights_skip_tracking":false,"_monsterinsights_sitenote_active":false,"_monsterinsights_sitenote_note":"","_monsterinsights_sitenote_category":0,"footnotes":"","_links_to":"","_links_to_target":""},"categories":[3283],"tags":[3178,3279],"class_list":{"0":"post-83617","1":"post","2":"type-post","3":"status-publish","4":"format-standard","5":"has-post-thumbnail","7":"category-sin-categorizar","8":"tag-destacado-1","9":"tag-portada-es"},"_links":{"self":[{"href":"https:\/\/www.lab.eus\/es\/wp-json\/wp\/v2\/posts\/83617","targetHints":{"allow":["GET"]}}],"collection":[{"href":"https:\/\/www.lab.eus\/es\/wp-json\/wp\/v2\/posts"}],"about":[{"href":"https:\/\/www.lab.eus\/es\/wp-json\/wp\/v2\/types\/post"}],"author":[{"embeddable":true,"href":"https:\/\/www.lab.eus\/es\/wp-json\/wp\/v2\/users\/1191"}],"replies":[{"embeddable":true,"href":"https:\/\/www.lab.eus\/es\/wp-json\/wp\/v2\/comments?post=83617"}],"version-history":[{"count":1,"href":"https:\/\/www.lab.eus\/es\/wp-json\/wp\/v2\/posts\/83617\/revisions"}],"predecessor-version":[{"id":83618,"href":"https:\/\/www.lab.eus\/es\/wp-json\/wp\/v2\/posts\/83617\/revisions\/83618"}],"wp:featuredmedia":[{"embeddable":true,"href":"https:\/\/www.lab.eus\/es\/wp-json\/wp\/v2\/media\/83611"}],"wp:attachment":[{"href":"https:\/\/www.lab.eus\/es\/wp-json\/wp\/v2\/media?parent=83617"}],"wp:term":[{"taxonomy":"category","embeddable":true,"href":"https:\/\/www.lab.eus\/es\/wp-json\/wp\/v2\/categories?post=83617"},{"taxonomy":"post_tag","embeddable":true,"href":"https:\/\/www.lab.eus\/es\/wp-json\/wp\/v2\/tags?post=83617"}],"curies":[{"name":"wp","href":"https:\/\/api.w.org\/{rel}","templated":true}]}}