{"id":83552,"date":"2025-09-24T10:41:01","date_gmt":"2025-09-24T10:41:01","guid":{"rendered":"https:\/\/www.lab.eus\/?p=83552"},"modified":"2025-09-24T10:41:04","modified_gmt":"2025-09-24T10:41:04","slug":"lab-se-movilizara-en-tudela-para-exigir-politicas-publicas-en-defensa-del-empleo-y-los-servicios-publicos-un-salario-minimo-propio-y-el-reparto-de-la-riqueza","status":"publish","type":"post","link":"https:\/\/www.lab.eus\/es\/lab-se-movilizara-en-tudela-para-exigir-politicas-publicas-en-defensa-del-empleo-y-los-servicios-publicos-un-salario-minimo-propio-y-el-reparto-de-la-riqueza\/","title":{"rendered":"LAB se movilizar\u00e1 en Tudela para exigir pol\u00edticas p\u00fablicas en defensa del empleo y los servicios p\u00fablicos, un salario m\u00ednimo propio y el reparto de la riqueza"},"content":{"rendered":"\n<p><strong>El sindicato LAB que celebra 40 a\u00f1os trabajando en la Ribera en favor de unas condiciones de vida y de trabajo dignas, realizar\u00e1 la Asamblea de Delegados y Delegadas de Navarra y una manifestaci\u00f3n en la capital ribera el pr\u00f3ximo 2 de octubre. Adem\u00e1s, tras el \u00e9xito <\/strong><strong>en el Parlamento de Navarra<\/strong><strong> la exposici\u00f3n \u201c<\/strong><strong><em>1974tik etorkizunera, LAB zabaltzen\u201d&nbsp; <\/em><\/strong><strong>llegar\u00e1 a Tudela.<\/strong><strong><\/strong><\/p>\n\n\n\n<p>LAB ha presentado las prioridades y l\u00edneas de acci\u00f3n del sindicato para el nuevo curso pol\u00edtico: la lucha por unas pol\u00edticas p\u00fablicas en defensa del empleo y los servicios p\u00fablicos, un salario m\u00ednimo propio y el reparto de la riqueza. En este sentido, el contexto abierto de guerras militares y comerciales no debe suponer un paso m\u00e1s en la precarizaci\u00f3n de las condiciones de vida y de trabajo de la clase trabajadora navarra. Dicho de otro modo, en nombre de la incertidumbre no deben prevalecer los intereses del capital. As\u00ed, el momento actual exige que el Gobierno de Navarra deje de fiarlo todo a la iniciativa empresarial y a las transnacionales: tiene que recuperar la pol\u00edtica industrial para poner en el centro el empleo, el inter\u00e9s de la mayor\u00eda social.<\/p>\n\n\n\n<p>En este sentido, repartir la riqueza y fortalecer los servicios p\u00fablicos son el mejor ant\u00eddoto para hacer frente a los discursos clasistas y racistas que tambi\u00e9n despiertan en nuestro territorio por parte de pol\u00edticos de la derecha y extrema derecha. Discursos sin soluciones que directamente perjudican las condiciones materiales y de vida de los trabajadores y trabajadoras.<\/p>\n\n\n\n<p>Al gobierno de la presidenta Mar\u00eda Chivite le falta determinaci\u00f3n para llevar adelante lo que se negocia y que afecta a los trabajadores y trabajadoras a su cargo. Y es que a algunos de sus consejeros y consejeras les sobra prepotencia y les falta voluntad de llegar a acuerdos que atiendan las justas reivindicaciones de los trabajadores y trabajadoras. Es hora de apostar por pol\u00edticas que no cierren en falso la situaci\u00f3n de Educaci\u00f3n y Osasunbidea y que den soluci\u00f3n a las necesidades de la sociedad navarra.<\/p>\n\n\n\n<p>De esta forma, es absolutamente rechazable la actitud partidista adoptada por el Gobierno para defender los intereses de los empresarios de la CEN y de los sindicatos UGT y CCOO ante el debate del salario m\u00ednimo propio, una cuesti\u00f3n que volver\u00e1 al centro de la agenda pol\u00edtica. Los trabajadores y trabajadoras navarras necesitan urgentemente un salario m\u00ednimo acorde a nuestra realidad socioecon\u00f3mica, subir considerablemente los salarios en general para proteger a las personas trabajadoras frente la carest\u00eda de la vida y las necesidades b\u00e1sicas. As\u00ed ocurre, por ejemplo, con la vivienda, d\u00f3nde en el \u00faltimo a\u00f1o el precio de la vivienda en Navarra ha subido el doble que los sueldos.<\/p>\n\n\n\n<p>Dentro de Navarra crecen las diferencias entre las rentas del trabajo y del capital, lo que tiene un impacto directo en las distintas zonas de nuestro territorio. Los indicadores de desigualdad se encuentran en los valores m\u00e1s altos de la historia. La destrucci\u00f3n de empleo tiene un impacto directo en esos par\u00e1metros y las pol\u00edticas p\u00fablicas actuales no han conseguido transformar la situaci\u00f3n de desigualdad y precarizaci\u00f3n que impulsan los empresarios.<\/p>\n\n\n\n<p>Por tanto, si aumentan las desigualdades es necesario un sistema fiscal m\u00e1s justo y acabar con los privilegios de los que m\u00e1s tienen, y para ello es necesario sacar de la fase de enfriamiento la reforma fiscal en Navarra.<\/p>\n\n\n\n<p><strong>Mejorando las condiciones de vida y de trabajo, LAB Erriberan zabaltzen<\/strong><\/p>\n\n\n\n<p>El sindicalismo transformador de LAB es m\u00e1s necesario que nunca en Navarra. La comarca sigue marcada por salarios medios que son los m\u00e1s bajos de Navarra y por EREs que amenazan el empleo. Tambi\u00e9n se imponen obst\u00e1culos al desarrollo del euskera, mientras se da m\u00e1s importancia a otros idiomas como el alem\u00e1n, cuando el euskera es parte del patrimonio navarro.<\/p>\n\n\n\n<p>En este contexto, LAB celebra este a\u00f1o 40 a\u00f1os de trayectoria en la Ribera. Tras el \u00faltimo congreso inici\u00f3 un camino para convertirse en un sindicato antirracista. Es un orgullo que en la Ribera, precisamente, LAB sea un sindicato de referencia para la clase trabajadora migrada.<\/p>\n\n\n\n<p>Ramon Lacalzada, sindicalista de LAB Ribera, subraya el crecimiento sostenido de la organizaci\u00f3n en la comarca, que ha pasado del 2% al 8% de representaci\u00f3n y cuenta ya con 100 delegados. \u201cDonde LAB entra, se consolida\u201d, afirma.<\/p>\n\n\n\n<p>Cuatro d\u00e9cadas trabajando por unas condiciones de vida y de trabajo dignas en la Ribera. Por ello, el pr\u00f3ximo 2 de octubre LAB celebrar\u00e1 su Asamblea de Delegados y Delegadas en Tudela, d\u00f3nde posteriormente a la misma realizar\u00e1 manifestaci\u00f3n para exigir unas condiciones de vida y de trabajo dignas en la zona.<\/p>\n\n\n\n<p>Adem\u00e1s, tras el \u00e9xito en el Parlamento de Navarra la exposici\u00f3n \u201c<em>1974tik etorkizunera, LAB zabaltzen\u201d&nbsp; <\/em>llegar\u00e1 a la capital ribera d\u00f3nde permanecer\u00e1 abierta al p\u00fablico del 1 al 9 de octubre en el Centro C\u00edvico R\u00faa. La inauguraci\u00f3n de la misma ser\u00e1 el 2 de octubre a las 19:00. La exposici\u00f3n&nbsp; reflejar\u00e1 las profundas ra\u00edces, tronco robusto y ramas en expansi\u00f3n con las que cuenta LAB en la Ribera.<\/p>\n\n\n\n<p>Finalmente, el d\u00eda 10 de octubre, a las 19:00 horas en el Centro C\u00edvico Lestonnac tendr\u00e1 lugar la charla: <em>\u00abMuga guztien gainetik, alianzas internacionalistas para la lucha sindical\u00bb<\/em>.<\/p>\n","protected":false},"excerpt":{"rendered":"<p>El sindicato LAB que celebra 40 a\u00f1os trabajando en la Ribera en favor de unas condiciones de vida y de trabajo dignas, realizar\u00e1 la Asamblea de Delegados y Delegadas de Navarra y una manifestaci\u00f3n en la capital ribera el pr\u00f3ximo 2 de octubre. Adem\u00e1s, tras el \u00e9xito en el Parlamento de Navarra la exposici\u00f3n \u201c1974tik [&hellip;]<\/p>\n","protected":false},"author":1191,"featured_media":83550,"comment_status":"closed","ping_status":"closed","sticky":false,"template":"","format":"standard","meta":{"_monsterinsights_skip_tracking":false,"_monsterinsights_sitenote_active":false,"_monsterinsights_sitenote_note":"","_monsterinsights_sitenote_category":0,"footnotes":"","_links_to":"","_links_to_target":""},"categories":[18],"tags":[3033,3178],"class_list":{"0":"post-83552","1":"post","2":"type-post","3":"status-publish","4":"format-standard","5":"has-post-thumbnail","7":"category-es-accion-sindical","8":"tag-accion-sindical-es","9":"tag-destacado-1"},"_links":{"self":[{"href":"https:\/\/www.lab.eus\/es\/wp-json\/wp\/v2\/posts\/83552","targetHints":{"allow":["GET"]}}],"collection":[{"href":"https:\/\/www.lab.eus\/es\/wp-json\/wp\/v2\/posts"}],"about":[{"href":"https:\/\/www.lab.eus\/es\/wp-json\/wp\/v2\/types\/post"}],"author":[{"embeddable":true,"href":"https:\/\/www.lab.eus\/es\/wp-json\/wp\/v2\/users\/1191"}],"replies":[{"embeddable":true,"href":"https:\/\/www.lab.eus\/es\/wp-json\/wp\/v2\/comments?post=83552"}],"version-history":[{"count":1,"href":"https:\/\/www.lab.eus\/es\/wp-json\/wp\/v2\/posts\/83552\/revisions"}],"predecessor-version":[{"id":83553,"href":"https:\/\/www.lab.eus\/es\/wp-json\/wp\/v2\/posts\/83552\/revisions\/83553"}],"wp:featuredmedia":[{"embeddable":true,"href":"https:\/\/www.lab.eus\/es\/wp-json\/wp\/v2\/media\/83550"}],"wp:attachment":[{"href":"https:\/\/www.lab.eus\/es\/wp-json\/wp\/v2\/media?parent=83552"}],"wp:term":[{"taxonomy":"category","embeddable":true,"href":"https:\/\/www.lab.eus\/es\/wp-json\/wp\/v2\/categories?post=83552"},{"taxonomy":"post_tag","embeddable":true,"href":"https:\/\/www.lab.eus\/es\/wp-json\/wp\/v2\/tags?post=83552"}],"curies":[{"name":"wp","href":"https:\/\/api.w.org\/{rel}","templated":true}]}}