{"id":83525,"date":"2025-09-23T13:29:27","date_gmt":"2025-09-23T13:29:27","guid":{"rendered":"https:\/\/www.lab.eus\/?p=83525"},"modified":"2025-09-23T13:29:30","modified_gmt":"2025-09-23T13:29:30","slug":"el-comite-de-scpsa-anuncia-paros-en-caso-de-que-ataquen-a-la-flotilla-global-sumud","status":"publish","type":"post","link":"https:\/\/www.lab.eus\/es\/el-comite-de-scpsa-anuncia-paros-en-caso-de-que-ataquen-a-la-flotilla-global-sumud\/","title":{"rendered":"El comit\u00e9 de SCPSA anuncia paros en caso de que ataquen a la Flotilla Global Sumud"},"content":{"rendered":"\n<p><strong>A propuesta de LAB, se une as\u00ed a la iniciativa \u201csi tocan la flotilla paramos el mundo\u201d.<br><br><\/strong>El pasado jueves 18 de septiembre el comit\u00e9 de empresa de SCPSA (Servicios de la Comarca de Pamplona SA) aprob\u00f3 unirse a la iniciativa \u201csi tocan la flotilla paramos el mundo\u201d. As\u00ed, siguiendo a la propuesta elaborada por LAB, se decidi\u00f3 parar y realizar una concentraci\u00f3n ante el edificio de Salesas (sede principal de la empresa) cada vez que la flotilla sufra un ataque.<br><br>De esta forma, el comit\u00e9 de esta empresa que se dedica entre otros aspectos al tratamiento de aguas, aprob\u00f3 un texto en el que mostraba su total solidaridad al pueblo palestino, denunciaba la gravedad de que este sufra desabastecimiento de agua y criticaba duramente el genocidio que Israel est\u00e1 llevando a cabo en Gaza. Se adjunta el comunicado.<\/p>\n\n\n\n<p><a href=\"https:\/\/www.infoadm.org\/images\/1%2025-27%20DOKUMENTUAK\/UDAL%20comunicado%20Gaza%20SCPSA%20Cast.pdf\" target=\"_blank\" rel=\"noreferrer noopener\"><strong>PDF Comunicado comit\u00e9 SCPSA<\/strong><\/a><\/p>\n","protected":false},"excerpt":{"rendered":"<p>A propuesta de LAB, se une as\u00ed a la iniciativa \u201csi tocan la flotilla paramos el mundo\u201d. El pasado jueves 18 de septiembre el comit\u00e9 de empresa de SCPSA (Servicios de la Comarca de Pamplona SA) aprob\u00f3 unirse a la iniciativa \u201csi tocan la flotilla paramos el mundo\u201d. As\u00ed, siguiendo a la propuesta elaborada por [&hellip;]<\/p>\n","protected":false},"author":1191,"featured_media":83523,"comment_status":"closed","ping_status":"closed","sticky":false,"template":"","format":"standard","meta":{"_monsterinsights_skip_tracking":false,"_monsterinsights_sitenote_active":false,"_monsterinsights_sitenote_note":"","_monsterinsights_sitenote_category":0,"footnotes":"","_links_to":"","_links_to_target":""},"categories":[18],"tags":[3033,3178],"class_list":{"0":"post-83525","1":"post","2":"type-post","3":"status-publish","4":"format-standard","5":"has-post-thumbnail","7":"category-es-accion-sindical","8":"tag-accion-sindical-es","9":"tag-destacado-1"},"_links":{"self":[{"href":"https:\/\/www.lab.eus\/es\/wp-json\/wp\/v2\/posts\/83525","targetHints":{"allow":["GET"]}}],"collection":[{"href":"https:\/\/www.lab.eus\/es\/wp-json\/wp\/v2\/posts"}],"about":[{"href":"https:\/\/www.lab.eus\/es\/wp-json\/wp\/v2\/types\/post"}],"author":[{"embeddable":true,"href":"https:\/\/www.lab.eus\/es\/wp-json\/wp\/v2\/users\/1191"}],"replies":[{"embeddable":true,"href":"https:\/\/www.lab.eus\/es\/wp-json\/wp\/v2\/comments?post=83525"}],"version-history":[{"count":1,"href":"https:\/\/www.lab.eus\/es\/wp-json\/wp\/v2\/posts\/83525\/revisions"}],"predecessor-version":[{"id":83526,"href":"https:\/\/www.lab.eus\/es\/wp-json\/wp\/v2\/posts\/83525\/revisions\/83526"}],"wp:featuredmedia":[{"embeddable":true,"href":"https:\/\/www.lab.eus\/es\/wp-json\/wp\/v2\/media\/83523"}],"wp:attachment":[{"href":"https:\/\/www.lab.eus\/es\/wp-json\/wp\/v2\/media?parent=83525"}],"wp:term":[{"taxonomy":"category","embeddable":true,"href":"https:\/\/www.lab.eus\/es\/wp-json\/wp\/v2\/categories?post=83525"},{"taxonomy":"post_tag","embeddable":true,"href":"https:\/\/www.lab.eus\/es\/wp-json\/wp\/v2\/tags?post=83525"}],"curies":[{"name":"wp","href":"https:\/\/api.w.org\/{rel}","templated":true}]}}