{"id":83515,"date":"2025-09-23T13:12:15","date_gmt":"2025-09-23T13:12:15","guid":{"rendered":"https:\/\/www.lab.eus\/?p=83515"},"modified":"2025-09-23T13:12:18","modified_gmt":"2025-09-23T13:12:18","slug":"el-tribunal-supremo-da-la-razon-al-comite-de-empresa-y-obliga-a-caf-a-pagar-la-antiguedad-al-personal-titulado","status":"publish","type":"post","link":"https:\/\/www.lab.eus\/es\/el-tribunal-supremo-da-la-razon-al-comite-de-empresa-y-obliga-a-caf-a-pagar-la-antiguedad-al-personal-titulado\/","title":{"rendered":"El tribunal supremo da la raz\u00f3n al Comit\u00e9 de Empresa y obliga a CAF a pagar la antig\u00fcedad al personal titulado\u00a0"},"content":{"rendered":"\n<p>El personal con estudios universitarios que desempe\u00f1a su labor en CAF no ten\u00eda ning\u00fan tipo de plus ligado a la antig\u00fcedad en la empresa. LAB llevaba d\u00e9cadas intentando solucionar esta anomal\u00eda, ya que, aunque tanto el convenio siderometal\u00fargico de Gipuzkoa como el propio convenio de CAF recog\u00edan ese concepto de antig\u00fcedad, la direcci\u00f3n de la compa\u00f1\u00eda se negaba a abonar la cantidad correspondiente por cada quinquenio acumulado en la empresa.<\/p>\n\n\n\n<p>Por ello, en abril del a\u00f1o 2023 el comit\u00e9 de empresa, a iniciativa de LAB, inicio un proceso judicial para reclamar la aplicaci\u00f3n de este concepto. Tras diversos sentencias y recursos, finalmente la sala de lo social del tribunal supremo ha zanjado la cuesti\u00f3n dando la raz\u00f3n al comit\u00e9 de empresa. Adem\u00e1s, no cabe recurso contra este \u00faltima resoluci\u00f3n, con lo que el recorrido judicial se da por finalizado.<\/p>\n\n\n\n<p>As\u00ed, en adelante CAF deber\u00e1 abonar la antig\u00fcedad por quinquenios a m\u00e1s de 1.500 trabajadores y trabajadoras del colectivo de titulados.<\/p>\n","protected":false},"excerpt":{"rendered":"<p>El personal con estudios universitarios que desempe\u00f1a su labor en CAF no ten\u00eda ning\u00fan tipo de plus ligado a la antig\u00fcedad en la empresa. LAB llevaba d\u00e9cadas intentando solucionar esta anomal\u00eda, ya que, aunque tanto el convenio siderometal\u00fargico de Gipuzkoa como el propio convenio de CAF recog\u00edan ese concepto de antig\u00fcedad, la direcci\u00f3n de la [&hellip;]<\/p>\n","protected":false},"author":1191,"featured_media":62827,"comment_status":"closed","ping_status":"closed","sticky":false,"template":"","format":"standard","meta":{"_monsterinsights_skip_tracking":false,"_monsterinsights_sitenote_active":false,"_monsterinsights_sitenote_note":"","_monsterinsights_sitenote_category":0,"footnotes":"","_links_to":"","_links_to_target":""},"categories":[18],"tags":[3033,3178],"class_list":{"0":"post-83515","1":"post","2":"type-post","3":"status-publish","4":"format-standard","5":"has-post-thumbnail","7":"category-es-accion-sindical","8":"tag-accion-sindical-es","9":"tag-destacado-1"},"_links":{"self":[{"href":"https:\/\/www.lab.eus\/es\/wp-json\/wp\/v2\/posts\/83515","targetHints":{"allow":["GET"]}}],"collection":[{"href":"https:\/\/www.lab.eus\/es\/wp-json\/wp\/v2\/posts"}],"about":[{"href":"https:\/\/www.lab.eus\/es\/wp-json\/wp\/v2\/types\/post"}],"author":[{"embeddable":true,"href":"https:\/\/www.lab.eus\/es\/wp-json\/wp\/v2\/users\/1191"}],"replies":[{"embeddable":true,"href":"https:\/\/www.lab.eus\/es\/wp-json\/wp\/v2\/comments?post=83515"}],"version-history":[{"count":1,"href":"https:\/\/www.lab.eus\/es\/wp-json\/wp\/v2\/posts\/83515\/revisions"}],"predecessor-version":[{"id":83516,"href":"https:\/\/www.lab.eus\/es\/wp-json\/wp\/v2\/posts\/83515\/revisions\/83516"}],"wp:featuredmedia":[{"embeddable":true,"href":"https:\/\/www.lab.eus\/es\/wp-json\/wp\/v2\/media\/62827"}],"wp:attachment":[{"href":"https:\/\/www.lab.eus\/es\/wp-json\/wp\/v2\/media?parent=83515"}],"wp:term":[{"taxonomy":"category","embeddable":true,"href":"https:\/\/www.lab.eus\/es\/wp-json\/wp\/v2\/categories?post=83515"},{"taxonomy":"post_tag","embeddable":true,"href":"https:\/\/www.lab.eus\/es\/wp-json\/wp\/v2\/tags?post=83515"}],"curies":[{"name":"wp","href":"https:\/\/api.w.org\/{rel}","templated":true}]}}