{"id":83444,"date":"2025-09-23T08:28:23","date_gmt":"2025-09-23T08:28:23","guid":{"rendered":"https:\/\/www.lab.eus\/?p=83444"},"modified":"2025-09-23T12:32:29","modified_gmt":"2025-09-23T12:32:29","slug":"no-a-la-precarizacion-de-las-condiciones-laborales-en-digi","status":"publish","type":"post","link":"https:\/\/www.lab.eus\/es\/no-a-la-precarizacion-de-las-condiciones-laborales-en-digi\/","title":{"rendered":"NO a la precarizacion de las condiciones laborales en DIGI"},"content":{"rendered":"\n<p><strong>La plantilla de DIGI Araba y Bizkaia ha dado inicio a un ciclo de lucha en defensa de los derechos y condiciones labores y en contra de la precarizaci\u00f3n que quiere imponer DIGI<\/strong><\/p>\n\n\n\n<p>Hoy los y las trabajadoras de DIGI Araba y Bizkaia han dado inicio a un ciclo de lucha con 3 dias de huelga para los dias 23, 24 y 25 de septiembre en defensa de los derechos y condiciones labores y para frenar la precarizaci\u00f3n que quiere imponer DIGI.<\/p>\n\n\n\n<p>Tras la negociaci\u00f3n y acuerdo llegado por la empresa y los sindicatos CCOO\/UGT a nivel estatal para imponer un convenio de grupo de empresa, no queda otra que parar y salir a la calle para defender los derechos y condiciones laborales logrados mediante dias de lucha en el convenio del metal de Bizkaia y la lucha social en EH.<\/p>\n\n\n\n<p>Desde el sindicato LAB, queremos denunciar el convenio colectivo recientemente firmado por CCOO, UGT y el grupo de empresas DIGI, que va a traer consigo un empeoramiento y riesgo en el tiempo de las condiciones laborales de las plantillas de DIGI a nivel de Euskal Herria, abocando a las personas trabajadoras a una situaci\u00f3n de precariedad absoluta.<\/p>\n\n\n\n<p>CCOO y UGT apenas tienen representaci\u00f3n en Euskal Herria, y sin embargo pretenden imponer un convenio estatal que pasar\u00e1 por encima de la voluntad de las plantillas vascas. Quieren vender que buscan \u201chomogeneizar\u201d las condiciones laborales para evitar desigualdades. Pero sabemos bien lo que eso significa: recortar derechos donde m\u00e1s se han conquistado.<\/p>\n\n\n\n<p>Este convenio, lejos de mejorar las condiciones, perpet\u00faa bajos salarios, alarga la jornada y recorta garant\u00edas fundamentales, en un sector ya marcado por la inestabilidad y la presi\u00f3n constante.<\/p>\n\n\n\n<p>LAB no va a aceptar ni retrocesos ni migajas. Saludamos, que nuestros compa\u00f1eros y compa\u00f1eras de Gipuzkoa, as\u00ed como las compa\u00f1eras y compa\u00f1eros de A coru\u00f1a y Cantabria se unan en un fronte ante la imposici\u00f3n\/precarizaci\u00f3n.<\/p>\n\n\n\n<p>Es hora de organizarse, movilizarse y sumarse a la lucha con el objetivo de revertir este ataque y conquistar unas condiciones justas y dignas.<\/p>\n\n\n\n<p>Desde LAB, exijimos respeto a la negociaci\u00f3n colectiva en su \u00e1mbito natural: Euskal Herria, y reivindicamos nuestro derecho a poder decidir sobre nuestras condiciones aqu\u00ed. LAB seguir\u00e1 trabajando para que la voluntad de las personas trabajadoras sea respetada.<\/p>\n\n\n\n<p>Euskal Herrian, bizi, lan eta erabaki!&nbsp;<\/p>\n","protected":false},"excerpt":{"rendered":"<p>La plantilla de DIGI Araba y Bizkaia ha dado inicio a un ciclo de lucha en defensa de los derechos y condiciones labores y en contra de la precarizaci\u00f3n que quiere imponer DIGI Hoy los y las trabajadoras de DIGI Araba y Bizkaia han dado inicio a un ciclo de lucha con 3 dias de [&hellip;]<\/p>\n","protected":false},"author":1191,"featured_media":83442,"comment_status":"closed","ping_status":"closed","sticky":false,"template":"","format":"standard","meta":{"_monsterinsights_skip_tracking":false,"_monsterinsights_sitenote_active":false,"_monsterinsights_sitenote_note":"","_monsterinsights_sitenote_category":0,"footnotes":"","_links_to":"","_links_to_target":""},"categories":[18],"tags":[3033,3178],"class_list":{"0":"post-83444","1":"post","2":"type-post","3":"status-publish","4":"format-standard","5":"has-post-thumbnail","7":"category-es-accion-sindical","8":"tag-accion-sindical-es","9":"tag-destacado-1"},"_links":{"self":[{"href":"https:\/\/www.lab.eus\/es\/wp-json\/wp\/v2\/posts\/83444","targetHints":{"allow":["GET"]}}],"collection":[{"href":"https:\/\/www.lab.eus\/es\/wp-json\/wp\/v2\/posts"}],"about":[{"href":"https:\/\/www.lab.eus\/es\/wp-json\/wp\/v2\/types\/post"}],"author":[{"embeddable":true,"href":"https:\/\/www.lab.eus\/es\/wp-json\/wp\/v2\/users\/1191"}],"replies":[{"embeddable":true,"href":"https:\/\/www.lab.eus\/es\/wp-json\/wp\/v2\/comments?post=83444"}],"version-history":[{"count":2,"href":"https:\/\/www.lab.eus\/es\/wp-json\/wp\/v2\/posts\/83444\/revisions"}],"predecessor-version":[{"id":83500,"href":"https:\/\/www.lab.eus\/es\/wp-json\/wp\/v2\/posts\/83444\/revisions\/83500"}],"wp:featuredmedia":[{"embeddable":true,"href":"https:\/\/www.lab.eus\/es\/wp-json\/wp\/v2\/media\/83442"}],"wp:attachment":[{"href":"https:\/\/www.lab.eus\/es\/wp-json\/wp\/v2\/media?parent=83444"}],"wp:term":[{"taxonomy":"category","embeddable":true,"href":"https:\/\/www.lab.eus\/es\/wp-json\/wp\/v2\/categories?post=83444"},{"taxonomy":"post_tag","embeddable":true,"href":"https:\/\/www.lab.eus\/es\/wp-json\/wp\/v2\/tags?post=83444"}],"curies":[{"name":"wp","href":"https:\/\/api.w.org\/{rel}","templated":true}]}}