{"id":83370,"date":"2025-09-22T14:36:33","date_gmt":"2025-09-22T14:36:33","guid":{"rendered":"https:\/\/www.lab.eus\/?p=83370"},"modified":"2025-09-22T14:36:36","modified_gmt":"2025-09-22T14:36:36","slug":"lab-ha-mostrado-solidaridad-y-apoyo-a-la-organizacion-salam-gaza","status":"publish","type":"post","link":"https:\/\/www.lab.eus\/es\/lab-ha-mostrado-solidaridad-y-apoyo-a-la-organizacion-salam-gaza\/","title":{"rendered":"LAB ha mostrado solidaridad y apoyo a la organizaci\u00f3n Salam Gaza"},"content":{"rendered":"\n<p><strong>Imanol Karrera, portavoz de LAB en Navarra, y Koldo Saenz, secretario de Relaciones Internacionales, se han reunido hoy en la sede de LAB en Pamplona con Ola Arafat y Txemi X, miembros de la organizaci\u00f3n Salam Gaza, con el objetivo de conocer de primera mano la situaci\u00f3n que se vive en Gaza y, al mismo tiempo, profundizar en la colaboraci\u00f3n.<\/strong><\/p>\n\n\n\n<p>Los representantes de LAB han informado a los miembros de Salam Gaza sobre el trabajo de solidaridad que realiza el sindicato con Palestina y les han abierto las puertas de la organizaci\u00f3n. La ONG desarrolla su labor directamente en Gaza, bas\u00e1ndose en el conocimiento del territorio y de sus habitantes, y ofreciendo la tan necesaria ayuda humanitaria ante el genocidio que all\u00ed se vive.<\/p>\n\n\n\n<p>Los miembros de Salam Gaza han explicado la labor que llevan a cabo y han pedido apoyo a LAB para diversas din\u00e1micas que impulsan, recibiendo por parte del sindicato la plena disposici\u00f3n para colaborar.<\/p>\n\n\n\n<p>Cualquier persona que desee apoyar a Salam Gaza puede hacerlo a trav\u00e9s de la p\u00e1gina web <a href=\"https:\/\/salamgaza.org\/\">https:\/\/salamgaza.org\/<\/a>, con la plena seguridad de que la aportaci\u00f3n llegar\u00e1 \u00edntegramente a Gaza.<\/p>\n","protected":false},"excerpt":{"rendered":"<p>Imanol Karrera, portavoz de LAB en Navarra, y Koldo Saenz, secretario de Relaciones Internacionales, se han reunido hoy en la sede de LAB en Pamplona con Ola Arafat y Txemi X, miembros de la organizaci\u00f3n Salam Gaza, con el objetivo de conocer de primera mano la situaci\u00f3n que se vive en Gaza y, al mismo [&hellip;]<\/p>\n","protected":false},"author":1191,"featured_media":83368,"comment_status":"closed","ping_status":"closed","sticky":false,"template":"","format":"standard","meta":{"_monsterinsights_skip_tracking":false,"_monsterinsights_sitenote_active":false,"_monsterinsights_sitenote_note":"","_monsterinsights_sitenote_category":0,"footnotes":"","_links_to":"","_links_to_target":""},"categories":[3283],"tags":[3178],"class_list":{"0":"post-83370","1":"post","2":"type-post","3":"status-publish","4":"format-standard","5":"has-post-thumbnail","7":"category-sin-categorizar","8":"tag-destacado-1"},"_links":{"self":[{"href":"https:\/\/www.lab.eus\/es\/wp-json\/wp\/v2\/posts\/83370","targetHints":{"allow":["GET"]}}],"collection":[{"href":"https:\/\/www.lab.eus\/es\/wp-json\/wp\/v2\/posts"}],"about":[{"href":"https:\/\/www.lab.eus\/es\/wp-json\/wp\/v2\/types\/post"}],"author":[{"embeddable":true,"href":"https:\/\/www.lab.eus\/es\/wp-json\/wp\/v2\/users\/1191"}],"replies":[{"embeddable":true,"href":"https:\/\/www.lab.eus\/es\/wp-json\/wp\/v2\/comments?post=83370"}],"version-history":[{"count":1,"href":"https:\/\/www.lab.eus\/es\/wp-json\/wp\/v2\/posts\/83370\/revisions"}],"predecessor-version":[{"id":83371,"href":"https:\/\/www.lab.eus\/es\/wp-json\/wp\/v2\/posts\/83370\/revisions\/83371"}],"wp:featuredmedia":[{"embeddable":true,"href":"https:\/\/www.lab.eus\/es\/wp-json\/wp\/v2\/media\/83368"}],"wp:attachment":[{"href":"https:\/\/www.lab.eus\/es\/wp-json\/wp\/v2\/media?parent=83370"}],"wp:term":[{"taxonomy":"category","embeddable":true,"href":"https:\/\/www.lab.eus\/es\/wp-json\/wp\/v2\/categories?post=83370"},{"taxonomy":"post_tag","embeddable":true,"href":"https:\/\/www.lab.eus\/es\/wp-json\/wp\/v2\/tags?post=83370"}],"curies":[{"name":"wp","href":"https:\/\/api.w.org\/{rel}","templated":true}]}}