{"id":83362,"date":"2025-09-22T14:00:46","date_gmt":"2025-09-22T14:00:46","guid":{"rendered":"https:\/\/www.lab.eus\/?p=83362"},"modified":"2025-09-22T14:00:49","modified_gmt":"2025-09-22T14:00:49","slug":"no-al-acuerdo-marco-en-correos","status":"publish","type":"post","link":"https:\/\/www.lab.eus\/es\/no-al-acuerdo-marco-en-correos\/","title":{"rendered":"NO al acuerdo marco en Correos"},"content":{"rendered":"\n<p>El Sindicato LAB se opone al Acuerdo Marco de Correos \u201cAcuerdo Correos y Sindicatos de las l\u00edneas b\u00e1sicas a trasladar al IV Convenio Colectivo y Acuerdo General\u201d, firmado por CCOO, UGT y CSIF. Este acuerdo contiene diferentes aspectos muy negativos para la plantilla. Tanto en materia salarial como en conciliaci\u00f3n familiar, contrataci\u00f3n, etc, representando un serio retroceso en derechos<br>conquistados.<\/p>\n\n\n\n<p>Trasladar los contenidos de este acuerdo a un nuevo Convenio Colectivo, puede suponer la destrucci\u00f3n de miles de puestos de trabajo al pasar los gastos de personal del 85% actual al 70% en 2 a\u00f1os, un r\u00e9gimen retributivo individual vinculado a la producci\u00f3n sin subidas por el IPC, implantar un calendario laboral en el que un 10% de las horas por jornada ser\u00e1n variables en funci\u00f3n de la carga prevista, y dar otra vuelta de tuerca m\u00e1s en la movilidad funcional, geogr\u00e1fica e intercentros o acabar con las Bolsas de Empleo. Todo esto influir\u00e1 directamente en la cantidad y calidad del empleo as\u00ed como en la prestaci\u00f3n de un servicio p\u00fablico de calidad en favor de la comunidad que realiza la empresa p\u00fablica.<\/p>\n\n\n\n<p>LAB ha manifestado su apuesta decidida por un Correos p\u00fablico y de calidad, y por decidir aqu\u00ed en<br>Euskal Herria nuestras condiciones laborales, por eso nos plantamos ante este nuevo atropello a los y<br>las empleadas p\u00fablicas de Correos. <\/p>\n\n\n\n<p>GUK ERE PLANTO!<\/p>\n","protected":false},"excerpt":{"rendered":"<p>El Sindicato LAB se opone al Acuerdo Marco de Correos \u201cAcuerdo Correos y Sindicatos de las l\u00edneas b\u00e1sicas a trasladar al IV Convenio Colectivo y Acuerdo General\u201d, firmado por CCOO, UGT y CSIF. Este acuerdo contiene diferentes aspectos muy negativos para la plantilla. Tanto en materia salarial como en conciliaci\u00f3n familiar, contrataci\u00f3n, etc, representando un [&hellip;]<\/p>\n","protected":false},"author":1191,"featured_media":83360,"comment_status":"closed","ping_status":"closed","sticky":false,"template":"","format":"standard","meta":{"_monsterinsights_skip_tracking":false,"_monsterinsights_sitenote_active":false,"_monsterinsights_sitenote_note":"","_monsterinsights_sitenote_category":0,"footnotes":"","_links_to":"","_links_to_target":""},"categories":[18,6],"tags":[3033,3178,3171],"class_list":{"0":"post-83362","1":"post","2":"type-post","3":"status-publish","4":"format-standard","5":"has-post-thumbnail","7":"category-es-accion-sindical","8":"category-es-servicios-publicos","9":"tag-accion-sindical-es","10":"tag-destacado-1","11":"tag-servicios-publicos-es"},"_links":{"self":[{"href":"https:\/\/www.lab.eus\/es\/wp-json\/wp\/v2\/posts\/83362","targetHints":{"allow":["GET"]}}],"collection":[{"href":"https:\/\/www.lab.eus\/es\/wp-json\/wp\/v2\/posts"}],"about":[{"href":"https:\/\/www.lab.eus\/es\/wp-json\/wp\/v2\/types\/post"}],"author":[{"embeddable":true,"href":"https:\/\/www.lab.eus\/es\/wp-json\/wp\/v2\/users\/1191"}],"replies":[{"embeddable":true,"href":"https:\/\/www.lab.eus\/es\/wp-json\/wp\/v2\/comments?post=83362"}],"version-history":[{"count":1,"href":"https:\/\/www.lab.eus\/es\/wp-json\/wp\/v2\/posts\/83362\/revisions"}],"predecessor-version":[{"id":83363,"href":"https:\/\/www.lab.eus\/es\/wp-json\/wp\/v2\/posts\/83362\/revisions\/83363"}],"wp:featuredmedia":[{"embeddable":true,"href":"https:\/\/www.lab.eus\/es\/wp-json\/wp\/v2\/media\/83360"}],"wp:attachment":[{"href":"https:\/\/www.lab.eus\/es\/wp-json\/wp\/v2\/media?parent=83362"}],"wp:term":[{"taxonomy":"category","embeddable":true,"href":"https:\/\/www.lab.eus\/es\/wp-json\/wp\/v2\/categories?post=83362"},{"taxonomy":"post_tag","embeddable":true,"href":"https:\/\/www.lab.eus\/es\/wp-json\/wp\/v2\/tags?post=83362"}],"curies":[{"name":"wp","href":"https:\/\/api.w.org\/{rel}","templated":true}]}}