{"id":83288,"date":"2025-09-18T13:35:34","date_gmt":"2025-09-18T13:35:34","guid":{"rendered":"https:\/\/www.lab.eus\/?p=83288"},"modified":"2025-09-18T13:35:37","modified_gmt":"2025-09-18T13:35:37","slug":"en-respuesta-a-lo-manifestado-por-el-alcalde-de-eibar-sobre-el-sepe","status":"publish","type":"post","link":"https:\/\/www.lab.eus\/es\/en-respuesta-a-lo-manifestado-por-el-alcalde-de-eibar-sobre-el-sepe\/","title":{"rendered":"En respuesta a lo manifestado por el alcalde de Eibar sobre el SEPE"},"content":{"rendered":"\n<p><strong>En los \u00faltimos d\u00edas, el alcalde de Eibar ha afirmado que desde el 4 de septiembre la oficina del SEPE funciona con total normalidad. Esta afirmaci\u00f3n es falsa, ya que el SEPE de Eibar lleva todo el verano cerrado al p\u00fablico, y a d\u00eda de hoy sigue igual: no hay citas telef\u00f3nicas, no hay citas presenciales y, seg\u00fan nos han confirmado all\u00ed, la situaci\u00f3n no variar\u00e1 en las pr\u00f3ximas semanas.<\/strong><\/p>\n\n\n\n<p>Esto, por supuesto, nos genera preocupaci\u00f3n, porque un servicio que antes se prestaba en la oficina de Eibar, hoy por hoy no se est\u00e1 dando, y lo que suceder\u00e1 en el futuro tambi\u00e9n est\u00e1 en cuesti\u00f3n: seg\u00fan hemos podido confirmar, hasta que haya una nueva orden no habr\u00e1 citas presenciales para el p\u00fablico, por lo que, por el momento, no se podr\u00e1n realizar muchos tr\u00e1mites que antes se pod\u00edan realizar en la oficina de Eibar. Es evidente, por tanto, que el SEPE no funciona con normalidad, ya que si se compara con la situaci\u00f3n anterior, los cambios y recortes son evidentes.<\/p>\n\n\n\n<p>El Sr. Alcalde comenta que hay que ser prudente y contrastar la informaci\u00f3n. Pues bien, hemos contrastado directamente la informaci\u00f3n en la oficina, en las citas inalcanzables, en la voz de los trabajadores y trabajadoras que no han podido acceder a este servicio. Lo que vemos es muy simple: nos mienten y nos quieren ocultar una situaci\u00f3n que golpea de lleno a la clase trabajadora. \u00bfNormalidad para qui\u00e9n? \u00bfQuiz\u00e1 para la alcald\u00eda? La \u00fanica normalidad que existe es la de los ciudadanos y ciudadanas no atendidas, por razones que a\u00fan no conocemos ni quieren aclarar desde las instituciones, ya que muchos de los servicios que se prestaban, se han dejado de dar de un d\u00eda para otro.<\/p>\n\n\n\n<p>El SEPE no es un favor que nos hacen: es un derecho de la clase trabajadora. Y lo est\u00e1n pisoteando. Mientras nos env\u00edan un mensaje de tranquilidad nos dejan sin servicio: hoy por hoy (y con un futuro oscuro) la oficina del SEPE de Eibar no funciona con normalidad.<\/p>\n\n\n\n<p>Sin embargo, lo que estamos viviendo en Eibar no es un problema coyuntural: es el resultado de abandonar lo p\u00fablico, de una pol\u00edtica que deja sin defensa a los m\u00e1s necesitados y necesitadas. Exigimos responsabilidades, soluciones inmediatas y personal suficiente para que el SEPE de Eibar vuelva a ser lo que tiene que ser: un servicio que est\u00e1 y estar\u00e1 a disposici\u00f3n de los trabajadores y trabajadoras.&nbsp;<\/p>\n","protected":false},"excerpt":{"rendered":"<p>En los \u00faltimos d\u00edas, el alcalde de Eibar ha afirmado que desde el 4 de septiembre la oficina del SEPE funciona con total normalidad. Esta afirmaci\u00f3n es falsa, ya que el SEPE de Eibar lleva todo el verano cerrado al p\u00fablico, y a d\u00eda de hoy sigue igual: no hay citas telef\u00f3nicas, no hay citas [&hellip;]<\/p>\n","protected":false},"author":1191,"featured_media":83082,"comment_status":"closed","ping_status":"closed","sticky":false,"template":"","format":"standard","meta":{"_monsterinsights_skip_tracking":false,"_monsterinsights_sitenote_active":false,"_monsterinsights_sitenote_note":"","_monsterinsights_sitenote_category":0,"footnotes":"","_links_to":"","_links_to_target":""},"categories":[18],"tags":[3033,3178],"class_list":{"0":"post-83288","1":"post","2":"type-post","3":"status-publish","4":"format-standard","5":"has-post-thumbnail","7":"category-es-accion-sindical","8":"tag-accion-sindical-es","9":"tag-destacado-1"},"_links":{"self":[{"href":"https:\/\/www.lab.eus\/es\/wp-json\/wp\/v2\/posts\/83288","targetHints":{"allow":["GET"]}}],"collection":[{"href":"https:\/\/www.lab.eus\/es\/wp-json\/wp\/v2\/posts"}],"about":[{"href":"https:\/\/www.lab.eus\/es\/wp-json\/wp\/v2\/types\/post"}],"author":[{"embeddable":true,"href":"https:\/\/www.lab.eus\/es\/wp-json\/wp\/v2\/users\/1191"}],"replies":[{"embeddable":true,"href":"https:\/\/www.lab.eus\/es\/wp-json\/wp\/v2\/comments?post=83288"}],"version-history":[{"count":1,"href":"https:\/\/www.lab.eus\/es\/wp-json\/wp\/v2\/posts\/83288\/revisions"}],"predecessor-version":[{"id":83289,"href":"https:\/\/www.lab.eus\/es\/wp-json\/wp\/v2\/posts\/83288\/revisions\/83289"}],"wp:featuredmedia":[{"embeddable":true,"href":"https:\/\/www.lab.eus\/es\/wp-json\/wp\/v2\/media\/83082"}],"wp:attachment":[{"href":"https:\/\/www.lab.eus\/es\/wp-json\/wp\/v2\/media?parent=83288"}],"wp:term":[{"taxonomy":"category","embeddable":true,"href":"https:\/\/www.lab.eus\/es\/wp-json\/wp\/v2\/categories?post=83288"},{"taxonomy":"post_tag","embeddable":true,"href":"https:\/\/www.lab.eus\/es\/wp-json\/wp\/v2\/tags?post=83288"}],"curies":[{"name":"wp","href":"https:\/\/api.w.org\/{rel}","templated":true}]}}