{"id":83284,"date":"2025-09-18T12:00:33","date_gmt":"2025-09-18T12:00:33","guid":{"rendered":"https:\/\/www.lab.eus\/?p=83284"},"modified":"2025-09-18T12:21:45","modified_gmt":"2025-09-18T12:21:45","slug":"lab-exige-al-parlamento-vasco-que-garantice-la-seguridad-juridica-que-requiere-la-euskaldunizacion-de-la-administracion-publica","status":"publish","type":"post","link":"https:\/\/www.lab.eus\/es\/lab-exige-al-parlamento-vasco-que-garantice-la-seguridad-juridica-que-requiere-la-euskaldunizacion-de-la-administracion-publica\/","title":{"rendered":"LAB exige al Parlamento Vasco que garantice la seguridad jur\u00eddica que requiere la euskaldunizaci\u00f3n de la administraci\u00f3n p\u00fablica"},"content":{"rendered":"\n<p><strong>El sindicato ha defendido que poder trabajar en euskera es un derecho laboral de todo trabajador que vive y trabaja en Euskal Herria y ha reclamado garant\u00edas legales para la euskaldunizaci\u00f3n de los servicios p\u00fablicos. Con la misma reivindicaci\u00f3n, el sindicato intensificar\u00e1 las movilizaciones en las pr\u00f3ximas semanas y meses.<\/strong><\/p>\n\n\n\n<p>Hace tiempo que los agentes euskaltzales est\u00e1n alertando del retroceso y de la situaci\u00f3n de emergencia que vive el euskera, y del salto que necesita su normalizaci\u00f3n, que exige acelerar la euskaldunizaci\u00f3n de la administraci\u00f3n. Paralelamente, en Hego Euskal Herria son constantes los ataques que est\u00e1 sufriendo el euskera desde el \u00e1mbito judicial, y en los \u00faltimos cuatro a\u00f1os los tribunales han frustrado casi mensualmente los esfuerzos de euskaldunizaci\u00f3n de las administraciones p\u00fablicas. Ejemplo de ello son las sentencias contrarias a la Ley Municipal de la CAV y las que han rebajado las exigencias del euskera en las convocatorias de plazas de diputaciones y numerosos ayuntamientos. En este contexto, LAB ha expresado en varias ocasiones la necesidad de dar un salto en la movilizaci\u00f3n social y en la activaci\u00f3n social, y hoy ha reunido en Gasteiz a docenas de delegadas y delegados de la administraci\u00f3n p\u00fablica. Tras la asamblea, han llevado a cabo una movilizaci\u00f3n hasta el Parlamento Vasco en la que han exigido garant\u00edas legales para la euskaldunizaci\u00f3n de los servicios p\u00fablicos y han expresado su voluntad de intensificar las movilizaciones en los pr\u00f3ximos meses.<\/p>\n\n\n\n<p>LAB ha realizado una gran labor y movilizaci\u00f3n para euskaldunizar los servicios p\u00fablicos, tanto para atender en euskera como para garantizar el derecho de las y los trabajadores a trabajar en euskera. Tambi\u00e9n en las subcontratas y servicios privatizados como los cuidados est\u00e1 luchando constantemente por planes de euskaldunizaci\u00f3n de los servicios y del personal. Tambi\u00e9n ha hecho propuestas m\u00e1s generales. Han pasado ya tres a\u00f1os, por ejemplo, desde que LAB, junto con el Euskalgintzaren Kontseilua y ELA, presentara su propuesta para euskaldunizar las administraciones p\u00fablicas en un plazo de 15 a\u00f1os. La respuesta institucional ha sido nula o de retroceso: rebajar los perfiles ling\u00fc\u00edsticos y retrasar los \u00edndices y fechas de preceptividad. Es evidente que vamos a peor y que a estas alturas la propuesta ha quedado obsoleta. Hay que dar otro tipo de pasos.<\/p>\n\n\n\n<p>En la direcci\u00f3n contraria, algunos partidos pol\u00edticos y sindicatos han alimentado la ofensiva jur\u00eddico-pol\u00edtica y han contrapuesto derechos ling\u00fc\u00edsticos y laborales. Pero alimentar esa dicotom\u00eda ataca a la cohesi\u00f3n social y al euskera. Para defender un derecho no se puede negar otro; es m\u00e1s, poder trabajar en euskera es un derecho laboral de todas y todos los trabajadores que vivimos y trabajamos en Euskal Herria, tan importante como el resto de derechos laborales e imprescindible para tener unos servicios p\u00fablicos fuertes y de calidad. Adem\u00e1s, por desgracia todav\u00eda hay que recordar que trabajar en euskera es un derecho; un derecho que se vulnera de forma flagrante.<\/p>\n\n\n\n<p>Para garantizar los derechos ling\u00fc\u00edsticos y avanzar en la normalizaci\u00f3n del euskera, junto a estrategias de medio y largo plazo, necesitamos medidas y decisiones a corto plazo que, con urgencia, aporten seguridad jur\u00eddica al proceso de normalizaci\u00f3n del euskera y sean un muro de contenci\u00f3n ante las continuas injerencias de los juzgados. Y eso exige tomar medidas para dar seguridad jur\u00eddica a las pol\u00edticas que den prioridad al euskera.&nbsp;<\/p>\n\n\n\n<p>En este sentido, el sindicato ve con buenos ojos las medidas a favor de la generalizaci\u00f3n de la exigencia del euskera en la administraci\u00f3n p\u00fablica, as\u00ed como la propuesta de EH Bildu de modificar la Ley de Empleo P\u00fablico, que podr\u00eda situarse en esa direcci\u00f3n. Este cambio legal recoger\u00eda: la equiparaci\u00f3n de las exigencias del euskera y el castellano; el establecimiento de una gesti\u00f3n flexible en funci\u00f3n del contexto socioling\u00fc\u00edstico; y el incremento de los recursos y liberaciones para posibilitar la euskaldunizaci\u00f3n de todo el personal p\u00fablico. En cambio, el sindicato considera que la propuesta de modificaci\u00f3n legal de los \u00abcriterios de proporcionalidad\u00bb que ha elaborado el PNV perpet\u00faa el problema: dificulta la euskaldunizaci\u00f3n de los servicios p\u00fablicos y facilita el retroceso.<\/p>\n\n\n\n<p>Por lo tanto, LAB ha pedido al Parlamento Vasco un cobijo jur\u00eddico que ofrezca garant\u00edas para la euskaldunizaci\u00f3n de los servicios p\u00fablicos y para que tanto se pueda trabajar como recibir atenci\u00f3n en euskera en la administraci\u00f3n p\u00fablica. Asimismo, LAB considera que esa garant\u00eda legal exige la movilizaci\u00f3n social y la activaci\u00f3n de las y los trabajadores vascos, por lo que intensificar\u00e1 las movilizaciones.&nbsp;<\/p>\n","protected":false},"excerpt":{"rendered":"<p>El sindicato ha defendido que poder trabajar en euskera es un derecho laboral de todo trabajador que vive y trabaja en Euskal Herria y ha reclamado garant\u00edas legales para la euskaldunizaci\u00f3n de los servicios p\u00fablicos. Con la misma reivindicaci\u00f3n, el sindicato intensificar\u00e1 las movilizaciones en las pr\u00f3ximas semanas y meses. Hace tiempo que los agentes [&hellip;]<\/p>\n","protected":false},"author":1191,"featured_media":83279,"comment_status":"closed","ping_status":"closed","sticky":false,"template":"","format":"standard","meta":{"_monsterinsights_skip_tracking":false,"_monsterinsights_sitenote_active":false,"_monsterinsights_sitenote_note":"","_monsterinsights_sitenote_category":0,"footnotes":"","_links_to":"","_links_to_target":""},"categories":[18,6],"tags":[3033,3178,3279,3171],"class_list":{"0":"post-83284","1":"post","2":"type-post","3":"status-publish","4":"format-standard","5":"has-post-thumbnail","7":"category-es-accion-sindical","8":"category-es-servicios-publicos","9":"tag-accion-sindical-es","10":"tag-destacado-1","11":"tag-portada-es","12":"tag-servicios-publicos-es"},"_links":{"self":[{"href":"https:\/\/www.lab.eus\/es\/wp-json\/wp\/v2\/posts\/83284","targetHints":{"allow":["GET"]}}],"collection":[{"href":"https:\/\/www.lab.eus\/es\/wp-json\/wp\/v2\/posts"}],"about":[{"href":"https:\/\/www.lab.eus\/es\/wp-json\/wp\/v2\/types\/post"}],"author":[{"embeddable":true,"href":"https:\/\/www.lab.eus\/es\/wp-json\/wp\/v2\/users\/1191"}],"replies":[{"embeddable":true,"href":"https:\/\/www.lab.eus\/es\/wp-json\/wp\/v2\/comments?post=83284"}],"version-history":[{"count":1,"href":"https:\/\/www.lab.eus\/es\/wp-json\/wp\/v2\/posts\/83284\/revisions"}],"predecessor-version":[{"id":83285,"href":"https:\/\/www.lab.eus\/es\/wp-json\/wp\/v2\/posts\/83284\/revisions\/83285"}],"wp:featuredmedia":[{"embeddable":true,"href":"https:\/\/www.lab.eus\/es\/wp-json\/wp\/v2\/media\/83279"}],"wp:attachment":[{"href":"https:\/\/www.lab.eus\/es\/wp-json\/wp\/v2\/media?parent=83284"}],"wp:term":[{"taxonomy":"category","embeddable":true,"href":"https:\/\/www.lab.eus\/es\/wp-json\/wp\/v2\/categories?post=83284"},{"taxonomy":"post_tag","embeddable":true,"href":"https:\/\/www.lab.eus\/es\/wp-json\/wp\/v2\/tags?post=83284"}],"curies":[{"name":"wp","href":"https:\/\/api.w.org\/{rel}","templated":true}]}}