{"id":83274,"date":"2025-09-18T09:49:26","date_gmt":"2025-09-18T09:49:26","guid":{"rendered":"https:\/\/www.lab.eus\/?p=83274"},"modified":"2025-09-18T09:49:29","modified_gmt":"2025-09-18T09:49:29","slug":"lab-reivindica-que-todas-las-politicas-de-empleo-se-decidan-aqui","status":"publish","type":"post","link":"https:\/\/www.lab.eus\/es\/lab-reivindica-que-todas-las-politicas-de-empleo-se-decidan-aqui\/","title":{"rendered":"LAB reivindica que todas las pol\u00edticas de empleo se decidan aqu\u00ed"},"content":{"rendered":"\n<p><strong>Han hecho falta 46 a\u00f1os para anunciar que la gesti\u00f3n de la Prestaci\u00f3n por Desempleo recogida en el Estatuto de Gernika estar\u00e1 en manos del Gobierno Vasco. Para LAB la transferencia es positiva, pero denuncia que resulta totalmente insuficiente para llevar a cabo pol\u00edticas a favor de la clase trabajadora; es necesario que todas las pol\u00edticas de empleo, activas y pasivas, se decidan aqu\u00ed.<\/strong><\/p>\n\n\n\n<p>El acuerdo pol\u00edtico anunciado ayer por el Gobierno Vasco y el Gobierno de Madrid dar\u00e1 salida a una transferencia competencial incumplida durante casi medio siglo, concretamente la gesti\u00f3n de la Prestaci\u00f3n por Desempleo. De este modo, el Gobierno de Gasteiz tendr\u00e1 la posibilidad de gestionar lo que se cobra por estar en paro y las prestaciones que se perciben al finalizar el desempleo o cuando no se ha cotizado lo suficiente, as\u00ed como las 50 oficinas que pertenecen al SEPE y las 600 personas trabajadoras que en ellas se emplean.<\/p>\n\n\n\n<p>LAB quiere recordar que, estando a\u00fan pendiente la transferencia de la gesti\u00f3n del r\u00e9gimen econ\u00f3mico de la Seguridad Social, este acuerdo supone una cesi\u00f3n parcial, ya que lo \u00fanico que se transfiere es la gesti\u00f3n de la prestaci\u00f3n por desempleo. As\u00ed, de momento, el importe de las prestaciones, su duraci\u00f3n, las obligaciones de las personas beneficiarias\u2026 seguir\u00e1n siendo fijados por el Gobierno de Madrid. Del mismo modo, no podemos olvidar que la actual prestaci\u00f3n asistencial es de 480 euros y que m\u00e1s de la mitad de las personas desempleadas no perciben ninguna prestaci\u00f3n.<\/p>\n\n\n\n<p>Asimismo, cabe se\u00f1alar que este acuerdo pone de manifiesto las carencias de LANBIDE. La intermediaci\u00f3n activa en pol\u00edticas de empleo que deber\u00eda desempe\u00f1ar se ha convertido en una mera gesti\u00f3n de prestaciones como consecuencia de la orientaci\u00f3n dada por los sucesivos gobiernos del PNV-PSE. A d\u00eda de hoy, la situaci\u00f3n de las personas trabajadoras en paro de larga duraci\u00f3n est\u00e1 cronificada y LANBIDE no es una referencia para lograr empleo.<\/p>\n\n\n\n<p>Durante todos estos largos a\u00f1os, amplios sectores de la clase trabajadora de Euskal Herria han mostrado de forma clara su voluntad y necesidad de regular aqu\u00ed sus condiciones laborales y de vida. Las luchas de las plantillas del sector p\u00fablico y de las subcontratas, las Huelgas Generales y tambi\u00e9n las Iniciativas Populares Puestas en Marcha para dar pasos legales. Las \u00faltimas, las Iniciativas Legislativas Populares que han recogido cientos de miles de firmas para establecer un salario m\u00ednimo propio y complementar las pensiones m\u00ednimas. Quien quiera impulsar pol\u00edticas a favor de las y los trabajadores no tiene otra opci\u00f3n que dar salida a estas iniciativas.<\/p>\n\n\n\n<p>LAB quiere reafirmar la necesidad del Marco Vasco de Relaciones Laborales y de Protecci\u00f3n Social. No podemos esperar otras cuatro d\u00e9cadas. Necesitamos urgentemente nuevos avances en el autogobierno y garant\u00edas eficaces que pongan l\u00edmite a las injerencias dictadas desde Madrid. Hoy, en un momento en que se est\u00e1 dando en el Parlamento el debate sobre el autogobierno, LAB reivindica que necesitamos nuevas herramientas de autogobierno para garantizar en Euskal Herria unas condiciones laborales y de vida dignas para toda la ciudadan\u00eda. Afrontaremos este reto con el mismo compromiso y responsabilidad que hasta ahora.<\/p>\n\n\n\n<p>Por \u00faltimo, mientras algunos hablan de transferencias parciales y limitadas del sistema de protecci\u00f3n, LAB hace un llamamiento a apoyar este s\u00e1bado la Iniciativa Legislativa Popular a favor de un sistema complementario para equiparar las pensiones m\u00ednimas con el salario m\u00ednimo. Esta iniciativa del Movimiento de Pensionistas de Euskal Herria es una iniciativa en favor de toda la clase trabajadora.<\/p>\n\n\n\n<p>\u00a1El s\u00e1bado, todas y todos a la calle!&nbsp;<\/p>\n","protected":false},"excerpt":{"rendered":"<p>Han hecho falta 46 a\u00f1os para anunciar que la gesti\u00f3n de la Prestaci\u00f3n por Desempleo recogida en el Estatuto de Gernika estar\u00e1 en manos del Gobierno Vasco. Para LAB la transferencia es positiva, pero denuncia que resulta totalmente insuficiente para llevar a cabo pol\u00edticas a favor de la clase trabajadora; es necesario que todas las [&hellip;]<\/p>\n","protected":false},"author":1191,"featured_media":38015,"comment_status":"closed","ping_status":"closed","sticky":false,"template":"","format":"standard","meta":{"_monsterinsights_skip_tracking":false,"_monsterinsights_sitenote_active":false,"_monsterinsights_sitenote_note":"","_monsterinsights_sitenote_category":0,"footnotes":"","_links_to":"","_links_to_target":""},"categories":[18],"tags":[3033,3178],"class_list":{"0":"post-83274","1":"post","2":"type-post","3":"status-publish","4":"format-standard","5":"has-post-thumbnail","7":"category-es-accion-sindical","8":"tag-accion-sindical-es","9":"tag-destacado-1"},"_links":{"self":[{"href":"https:\/\/www.lab.eus\/es\/wp-json\/wp\/v2\/posts\/83274","targetHints":{"allow":["GET"]}}],"collection":[{"href":"https:\/\/www.lab.eus\/es\/wp-json\/wp\/v2\/posts"}],"about":[{"href":"https:\/\/www.lab.eus\/es\/wp-json\/wp\/v2\/types\/post"}],"author":[{"embeddable":true,"href":"https:\/\/www.lab.eus\/es\/wp-json\/wp\/v2\/users\/1191"}],"replies":[{"embeddable":true,"href":"https:\/\/www.lab.eus\/es\/wp-json\/wp\/v2\/comments?post=83274"}],"version-history":[{"count":1,"href":"https:\/\/www.lab.eus\/es\/wp-json\/wp\/v2\/posts\/83274\/revisions"}],"predecessor-version":[{"id":83275,"href":"https:\/\/www.lab.eus\/es\/wp-json\/wp\/v2\/posts\/83274\/revisions\/83275"}],"wp:featuredmedia":[{"embeddable":true,"href":"https:\/\/www.lab.eus\/es\/wp-json\/wp\/v2\/media\/38015"}],"wp:attachment":[{"href":"https:\/\/www.lab.eus\/es\/wp-json\/wp\/v2\/media?parent=83274"}],"wp:term":[{"taxonomy":"category","embeddable":true,"href":"https:\/\/www.lab.eus\/es\/wp-json\/wp\/v2\/categories?post=83274"},{"taxonomy":"post_tag","embeddable":true,"href":"https:\/\/www.lab.eus\/es\/wp-json\/wp\/v2\/tags?post=83274"}],"curies":[{"name":"wp","href":"https:\/\/api.w.org\/{rel}","templated":true}]}}