{"id":83263,"date":"2025-09-17T13:14:41","date_gmt":"2025-09-17T13:14:41","guid":{"rendered":"https:\/\/www.lab.eus\/?p=83263"},"modified":"2025-09-17T13:14:44","modified_gmt":"2025-09-17T13:14:44","slug":"valoracion-de-lab-sobre-el-fallo-relativo-a-las-filtraciones-en-la-ope-2016-17","status":"publish","type":"post","link":"https:\/\/www.lab.eus\/es\/valoracion-de-lab-sobre-el-fallo-relativo-a-las-filtraciones-en-la-ope-2016-17\/","title":{"rendered":"Valoraci\u00f3n de LAB sobre el fallo relativo a las filtraciones en la OPE 2016-17"},"content":{"rendered":"\n<p><strong>Hoy LAB ha tenido conocimiento del resultado al recurso que interpuso frente a la Audiencia Provincial de \u00c1lava en torno a las filtraciones en las categor\u00edas m\u00e9dicas convocadas en la OPE 2016-17. Si bien es cierto que para este sindicato existen numerosos indicios de filtraci\u00f3n en 18 categor\u00edas, acogemos con satisfacci\u00f3n que se vaya a abrir juicio oral en la categor\u00eda de Cirug\u00eda Pl\u00e1stica.<\/strong><\/p>\n\n\n\n<p>En primer lugar porque la filtraci\u00f3n que se dio en esta categor\u00eda era conocida tanto por la direcci\u00f3n del IVAP y Osakidetza, como qued\u00f3 claro en las declaraciones de los implicados.<\/p>\n\n\n\n<p>Una opositora recibi\u00f3 el examen por parte de un miembro del tribunal con el que ten\u00eda una relaci\u00f3n de parentesco. Ante esta situaci\u00f3n y al ser una categor\u00eda con pocos participantes, el resto de opositores sospechaban de esa filtraci\u00f3n por lo que esperaron con impaciencia los resultados del examen. Al publicarse los datos, la opositora desapareci\u00f3 de los listados a pesar de que todos los participantes vieron a esta persona realizar el examen.<\/p>\n\n\n\n<p>Tras tres a\u00f1os de ocultaci\u00f3n de lo ocurrido con esta opositora y tras las diligencias y testimonios solicitados por LAB, se pudo saber lo siguiente:<\/p>\n\n\n\n<p>Esta persona acert\u00f3 el 98% de las preguntas redactadas por su suegro y obtuvo un resultado mediocre en el resto.<\/p>\n\n\n\n<p>Entre la realizaci\u00f3n de la prueba te\u00f3rica y la pr\u00e1ctica esta persona fue llevada a una sala del recinto donde se celebraban los ex\u00e1menes, donde un directivo del IVAP y otro directivo de Osakidetza al menos la \u201cinvitaron\u201d a abandonar el proceso dado que todo apuntaba a que se dio una filtraci\u00f3n. Debemos recordar que la obligaci\u00f3n de estas personas como funcionarios y altos cargos de organismos p\u00fablicos era trasladar esa situaci\u00f3n a instancias judiciales, puesto que lo que ten\u00edan en frente era un presunto delito. Sin embargo, optaron por coaccionar a una opositora para abandonar un proceso y ocultar una de las pruebas de la filtraci\u00f3n, la nota. La labor ingente de este sindicato logr\u00f3 destapar la existencia de esa reuni\u00f3n que fue ocultada durante a\u00f1os por el IVAP, Osakidetza, el tribunal y la propia opositora.<\/p>\n\n\n\n<p>Mar\u00eda Jes\u00fas M\u00fagica (directora general de Osakidetza) declar\u00f3 en Fiscal\u00eda no conocer ninguna irregularidad acerca de la OPE 2016-17. A la vista de los hechos parece leg\u00edtimo concluir que al menos Mar\u00eda Jes\u00fas M\u00fagica conoc\u00eda esta cuesti\u00f3n y la omiti\u00f3 en dicha declaraci\u00f3n.<\/p>\n\n\n\n<p>La valoraci\u00f3n que hacemos del fallo es positiva pero insuficiente. Se han rechazado infinidad de diligencias que formul\u00f3 este sindicato como, por ejemplo, el estudio de los ex\u00e1menes de las categor\u00edas bajo sospecha; no se ha intervenido ni una sola comunicaci\u00f3n entre opositores investigados y miembros de tribunal; no se ha permitido la declaraci\u00f3n como investigados de la c\u00fapula de Osakidetza de aquel momento para dar luz a lo sucedido, lo cual sin lugar a dudas es un esc\u00e1ndalo para el sistema p\u00fablico vasco.&nbsp;<\/p>\n\n\n\n<p>LAB mantiene su convicci\u00f3n y seguir\u00e1 trabajando por demostrar que las filtraciones no eran una pr\u00e1ctica aislada. Como se puede ver en la categor\u00eda de Cirug\u00eda Pl\u00e1stica, quienes deb\u00edan velar por la limpieza del proceso colaboraron con los filtradores y beneficiados en ocultar todas las pruebas posibles.<\/p>\n\n\n\n<p>En cuanto al auto queremos manifestar una incongruencia manifiesta de la Sala:<\/p>\n\n\n\n<p>La Sala nos reprocha no solicitar \u201cla investigaci\u00f3n de cara a la identificaci\u00f3n y toma de declaraci\u00f3n como investigados de esos cargos directivos supuestamente responsables\u201d.<\/p>\n\n\n\n<p>Sin embargo, es esa misma Sala la que mediante Auto de 29\/11\/2022 desestim\u00f3 el Recurso de Apelaci\u00f3n de LAB que expresamente interesaba la imputaci\u00f3n de delitos de asociaci\u00f3n il\u00edcita, fraude en la contrataci\u00f3n, revelaci\u00f3n de secretos, negativa intencionada de promover la persecuci\u00f3n de la revelaci\u00f3n de secretos y prevaricaci\u00f3n a las siguientes personas:<\/p>\n\n\n\n<p>Jon Darp\u00f3n Sierra (consejero de Sanidad)<\/p>\n\n\n\n<p>M\u00aa Jes\u00fas M\u00fagica Anduaga (directora general de Osakidetza)<\/p>\n\n\n\n<p>Juan Carlos Soto P\u00e9rez (director de RRHH)<\/p>\n\n\n\n<p>Xabier Balerdi Tolosa (subdirector de RRHH)<\/p>\n\n\n\n<p>Andoni Arcelay Salazar (director m\u00e9dico)<\/p>\n\n\n\n<p>Miriam Aparicio Salazar (Selecci\u00f3n y provisi\u00f3n de Osakidetza)<\/p>\n\n\n\n<p>Maite Iruretagoiena Ibarguren (directiva IVAP)<\/p>\n\n\n\n<p>Fulgencio Aledo Amor\u00f3s (directivo IVAP)<\/p>\n\n\n\n<p>Si no se airea la verdad acerca de la actuaci\u00f3n de estas personas responsables, no ser\u00e1 por inacci\u00f3n de LAB, que ha visto una y otra vez rechazadas todas las diligencias encaminadas a lograrlo.<\/p>\n\n\n\n<p>LAB no busca cabezas de turco, sino que se sepa la verdad y acabar con el sistema clientelar de reparto de plazas. Creemos que hemos depurado el sistema de OPE y, en cuanto a conocerse la verdad, seguiremos aprovechando todas las opciones que nos d\u00e9 el procedimiento para que la poblaci\u00f3n conozca lo que toda la plantilla de Osakidetza sabe.&nbsp;<\/p>\n","protected":false},"excerpt":{"rendered":"<p>Hoy LAB ha tenido conocimiento del resultado al recurso que interpuso frente a la Audiencia Provincial de \u00c1lava en torno a las filtraciones en las categor\u00edas m\u00e9dicas convocadas en la OPE 2016-17. Si bien es cierto que para este sindicato existen numerosos indicios de filtraci\u00f3n en 18 categor\u00edas, acogemos con satisfacci\u00f3n que se vaya a [&hellip;]<\/p>\n","protected":false},"author":1191,"featured_media":83261,"comment_status":"closed","ping_status":"closed","sticky":false,"template":"","format":"standard","meta":{"_monsterinsights_skip_tracking":false,"_monsterinsights_sitenote_active":false,"_monsterinsights_sitenote_note":"","_monsterinsights_sitenote_category":0,"footnotes":"","_links_to":"","_links_to_target":""},"categories":[18,3039],"tags":[3033,3178,3195],"class_list":{"0":"post-83263","1":"post","2":"type-post","3":"status-publish","4":"format-standard","5":"has-post-thumbnail","7":"category-es-accion-sindical","8":"category-osakidetza-es-2","9":"tag-accion-sindical-es","10":"tag-destacado-1","11":"tag-osakidetza-es"},"_links":{"self":[{"href":"https:\/\/www.lab.eus\/es\/wp-json\/wp\/v2\/posts\/83263","targetHints":{"allow":["GET"]}}],"collection":[{"href":"https:\/\/www.lab.eus\/es\/wp-json\/wp\/v2\/posts"}],"about":[{"href":"https:\/\/www.lab.eus\/es\/wp-json\/wp\/v2\/types\/post"}],"author":[{"embeddable":true,"href":"https:\/\/www.lab.eus\/es\/wp-json\/wp\/v2\/users\/1191"}],"replies":[{"embeddable":true,"href":"https:\/\/www.lab.eus\/es\/wp-json\/wp\/v2\/comments?post=83263"}],"version-history":[{"count":1,"href":"https:\/\/www.lab.eus\/es\/wp-json\/wp\/v2\/posts\/83263\/revisions"}],"predecessor-version":[{"id":83264,"href":"https:\/\/www.lab.eus\/es\/wp-json\/wp\/v2\/posts\/83263\/revisions\/83264"}],"wp:featuredmedia":[{"embeddable":true,"href":"https:\/\/www.lab.eus\/es\/wp-json\/wp\/v2\/media\/83261"}],"wp:attachment":[{"href":"https:\/\/www.lab.eus\/es\/wp-json\/wp\/v2\/media?parent=83263"}],"wp:term":[{"taxonomy":"category","embeddable":true,"href":"https:\/\/www.lab.eus\/es\/wp-json\/wp\/v2\/categories?post=83263"},{"taxonomy":"post_tag","embeddable":true,"href":"https:\/\/www.lab.eus\/es\/wp-json\/wp\/v2\/tags?post=83263"}],"curies":[{"name":"wp","href":"https:\/\/api.w.org\/{rel}","templated":true}]}}