{"id":83256,"date":"2025-09-17T12:26:10","date_gmt":"2025-09-17T12:26:10","guid":{"rendered":"https:\/\/www.lab.eus\/?p=83256"},"modified":"2025-09-18T08:42:06","modified_gmt":"2025-09-18T08:42:06","slug":"el-sindicato-lab-acudira-a-los-tribunales-para-que-las-patronales-kristau-eskola-y-aice-izea-de-los-centros-de-iniciativa-social-de-la-capv-cumplan-con-la-bajada-de-una-hora-de-atencion-directa-en-tod","status":"publish","type":"post","link":"https:\/\/www.lab.eus\/es\/el-sindicato-lab-acudira-a-los-tribunales-para-que-las-patronales-kristau-eskola-y-aice-izea-de-los-centros-de-iniciativa-social-de-la-capv-cumplan-con-la-bajada-de-una-hora-de-atencion-directa-en-tod\/","title":{"rendered":"LAB acudir\u00e1 a los tribunales para que las patronales Kristau Eskola y AICE-IZEA cumplan con lo acordado en el Acuerdo Fin de Huelga"},"content":{"rendered":"\n<p><strong>Si llega el plazo para cumplir el resto de los contenidos del acuerdo y no lo hacen, deber\u00e1n volver a acudir a los tribunales<\/strong><\/p>\n\n\n\n<p>Delegados\/as y trabajadores\/as han llevado a cabo diversas acciones y movilizaciones para hacer cumplir el Acuerdo de Fin de Huelga AFH. Las patronales Kristau Eskola y AICE-IZEA han puesto trabas a la ejecuci\u00f3n de dicho acuerdo firmado el 5 de febrero del 2024.<\/p>\n\n\n\n<p>Hace 19 meses que se firm\u00f3 el AFH por las Patronales de Iniciativa Social y los sindicatos donde se comprometieron a reducir en 1 hora de la atenci\u00f3n directa en todas las etapas durante el curso 2025-2026. El 1 de septiembre, se ha iniciado el nuevo curso y no se ha aplicado lo acordado, se ha producido un incumplimiento y por ello se ha puesto en marcha la v\u00eda judicial.<\/p>\n\n\n\n<p>Cabe recordar que el AFH se firm\u00f3 el 5 de febrero de 2024 en los centros de Iniciativa Social. Que el acuerdo se firm\u00f3 despu\u00e9s 14 d\u00edas de huelga y diversas movilizaciones. Fue firmado por las patronales y todos los sindicatos con representaci\u00f3n en la mesa negociadora de los centros de Iniciativa Social.&nbsp;<\/p>\n\n\n\n<p>La mala fe de Kristau Eskola y de las patronales AICE-IZEA es clara, ya que al final del curso 2024-2025 enviaron a los centros unas instrucciones para no cumplir con lo acordado.<\/p>\n\n\n\n<p>El Sindicato LAB ha decidido iniciar la v\u00eda judicial, presentando una demanda de conflicto colectivo ante el Tribunal Superior de Justicia del Pa\u00eds Vasco, para reclamar la bajada de una hora de atenci\u00f3n directa acordado en todas las etapas.<\/p>\n\n\n\n<p>Si las patronales tienen voluntad, podr\u00e1n encauzar la situaci\u00f3n en la mesa de negociaci\u00f3n que se celebrar\u00e1 el 25 de septiembre, presentando una propuesta de Convenio que recoja todos los contenidos literalmente acordados en el AFH.<\/p>\n\n\n\n<p>De no ser as\u00ed, el Sindicato LAB activar\u00e1 los instrumentos necesarios para hacer cumplir cada uno de los contenidos del acuerdo, tanto la v\u00eda de movilizaciones como la de los tribunales.&nbsp;<\/p>\n\n\n\n<p>LAB tambi\u00e9n denuncia firmemente la actitud del Departamento de Educaci\u00f3n, exigiendo que de una vez por todas se den pasos en la equiparaci\u00f3n salarial y en la homologaci\u00f3n de las condiciones laborales.&nbsp;<\/p>\n","protected":false},"excerpt":{"rendered":"<p>Si llega el plazo para cumplir el resto de los contenidos del acuerdo y no lo hacen, deber\u00e1n volver a acudir a los tribunales Delegados\/as y trabajadores\/as han llevado a cabo diversas acciones y movilizaciones para hacer cumplir el Acuerdo de Fin de Huelga AFH. Las patronales Kristau Eskola y AICE-IZEA han puesto trabas a [&hellip;]<\/p>\n","protected":false},"author":1191,"featured_media":83254,"comment_status":"closed","ping_status":"closed","sticky":false,"template":"","format":"standard","meta":{"_monsterinsights_skip_tracking":false,"_monsterinsights_sitenote_active":false,"_monsterinsights_sitenote_note":"","_monsterinsights_sitenote_category":0,"footnotes":"","_links_to":"","_links_to_target":""},"categories":[18,3053],"tags":[3033,3178],"class_list":{"0":"post-83256","1":"post","2":"type-post","3":"status-publish","4":"format-standard","5":"has-post-thumbnail","7":"category-es-accion-sindical","8":"category-centros-iniciativa-social","9":"tag-accion-sindical-es","10":"tag-destacado-1"},"_links":{"self":[{"href":"https:\/\/www.lab.eus\/es\/wp-json\/wp\/v2\/posts\/83256","targetHints":{"allow":["GET"]}}],"collection":[{"href":"https:\/\/www.lab.eus\/es\/wp-json\/wp\/v2\/posts"}],"about":[{"href":"https:\/\/www.lab.eus\/es\/wp-json\/wp\/v2\/types\/post"}],"author":[{"embeddable":true,"href":"https:\/\/www.lab.eus\/es\/wp-json\/wp\/v2\/users\/1191"}],"replies":[{"embeddable":true,"href":"https:\/\/www.lab.eus\/es\/wp-json\/wp\/v2\/comments?post=83256"}],"version-history":[{"count":2,"href":"https:\/\/www.lab.eus\/es\/wp-json\/wp\/v2\/posts\/83256\/revisions"}],"predecessor-version":[{"id":83268,"href":"https:\/\/www.lab.eus\/es\/wp-json\/wp\/v2\/posts\/83256\/revisions\/83268"}],"wp:featuredmedia":[{"embeddable":true,"href":"https:\/\/www.lab.eus\/es\/wp-json\/wp\/v2\/media\/83254"}],"wp:attachment":[{"href":"https:\/\/www.lab.eus\/es\/wp-json\/wp\/v2\/media?parent=83256"}],"wp:term":[{"taxonomy":"category","embeddable":true,"href":"https:\/\/www.lab.eus\/es\/wp-json\/wp\/v2\/categories?post=83256"},{"taxonomy":"post_tag","embeddable":true,"href":"https:\/\/www.lab.eus\/es\/wp-json\/wp\/v2\/tags?post=83256"}],"curies":[{"name":"wp","href":"https:\/\/api.w.org\/{rel}","templated":true}]}}