{"id":83243,"date":"2025-09-16T15:20:20","date_gmt":"2025-09-16T15:20:20","guid":{"rendered":"https:\/\/www.lab.eus\/?p=83243"},"modified":"2025-09-16T15:20:23","modified_gmt":"2025-09-16T15:20:23","slug":"lab-quiere-mostrar-su-adhesion-a-la-convocatoria-de-huelga-de-ela-en-las-residencias-de-personas-mayores-de-gipuzkoa","status":"publish","type":"post","link":"https:\/\/www.lab.eus\/es\/lab-quiere-mostrar-su-adhesion-a-la-convocatoria-de-huelga-de-ela-en-las-residencias-de-personas-mayores-de-gipuzkoa\/","title":{"rendered":"LAB quiere mostrar su adhesi\u00f3n a la convocatoria de huelga de ELA en las residencias de personas mayores de Gipuzkoa"},"content":{"rendered":"\n<p><strong>LAB ha convocado huelga los d\u00edas 24, 25 y 26 de septiembre en las residencias de personas mayores de Gipuzkoa.<\/strong><\/p>\n\n\n\n<p>A pesar de que los trabajadores lo han solicitado en varias ocasiones, hemos hecho un llamamiento a la colaboraci\u00f3n a ELA, pero hemos recibido un no rotundo. Sin embargo, LAB aprovechar\u00e1 cualquier oportunidad de lucha y priorizar\u00e1 la opci\u00f3n de que los trabajadores act\u00faen juntos.<\/p>\n\n\n\n<p>La situaci\u00f3n que viven los trabajadores en las residencias de personas mayores es grave:<\/p>\n\n\n\n<ul class=\"wp-block-list\">\n<li>Desde 2008 no se ha firmado un convenio aplicable a todo el sector a nivel territorial, y, como consecuencia, los trabajadores carecen de la seguridad y protecci\u00f3n que proporciona un convenio sectorial y territorial.<\/li>\n\n\n\n<li>Desde 2006 no se han modificado los ratios, lo que ha provocado cargas de trabajo insoportables.<\/li>\n\n\n\n<li>Predominan las jornadas parciales, del 60%, lo que obliga a los trabajadores a vivir en condiciones de precariedad.<\/li>\n\n\n\n<li>Debido a estas condiciones laborales, los trabajadores se encuentran agotados, cansados e impedidos, y muchos de ellos se encuentran en situaci\u00f3n de incapacidad temporal. Sin embargo, no todos perciben las bajas al 100%, y se niegan a reconocer como laborales las bajas que han tenido, aunque estas se deban a lesiones y enfermedades derivadas de sus condiciones de trabajo.<\/li>\n<\/ul>\n\n\n\n<p>La situaci\u00f3n es lamentable para quienes cuidan a las personas mayores de Gipuzkoa, y se mantiene gracias al dinero p\u00fablico. La Diputaci\u00f3n Foral de Gipuzkoa ha tomado decisiones que han llevado a esta situaci\u00f3n a la privatizaci\u00f3n del servicio, y es la propia Diputaci\u00f3n la que no ha mejorado los ratios en todos estos a\u00f1os. Ignoran las propuestas y convocatorias de LAB para mejorar la situaci\u00f3n, y tratan con desprecio a los trabajadores que realizan labores de cuidado.<\/p>\n\n\n\n<p>Por otra parte, los patronos que gestionan las residencias con dinero p\u00fablico quieren mantener la situaci\u00f3n tal cual, sin presentar propuestas en la mesa de negociaci\u00f3n y bloqueando las negociaciones. No tienen voluntad de mejorar las condiciones laborales ni de alcanzar acuerdos con las representaciones de los trabajadores. Su \u00fanica prioridad y objetivo es obtener beneficios econ\u00f3micos, utilizando dinero p\u00fablico y explotando a los trabajadores.<\/p>\n\n\n\n<p>La mayor\u00eda de los trabajadores son mujeres, porque los cuidados siguen recayendo sobre las mujeres, y la precariedad predomina en todos los trabajos feminizados.<\/p>\n\n\n\n<p>El compromiso de LAB es claro: los trabajadores de cuidados son trabajadores p\u00fablicos, est\u00e1n prestando un servicio p\u00fablico financiado con dinero p\u00fablico, y, por tanto, el servicio debe ser p\u00fablico. Esa es nuestra propuesta, objetivo y gu\u00eda: poner los cuidados en el centro. Por ello, pedimos equiparar los salarios con los de los trabajadores p\u00fablicos en la mesa de negociaci\u00f3n del convenio y, adem\u00e1s, solicitamos a la Diputaci\u00f3n que haga p\u00fablicas las residencias de personas mayores; que asuma este servicio, dignificando las condiciones laborales y, al mismo tiempo, los cuidados.<\/p>\n\n\n\n<p>En ese camino nos encontrar\u00e1n: en los centros de trabajo, en las calles, en las instituciones y en cualquier \u00e1mbito que ofrezca la oportunidad de lucha.<\/p>\n","protected":false},"excerpt":{"rendered":"<p>LAB ha convocado huelga los d\u00edas 24, 25 y 26 de septiembre en las residencias de personas mayores de Gipuzkoa. A pesar de que los trabajadores lo han solicitado en varias ocasiones, hemos hecho un llamamiento a la colaboraci\u00f3n a ELA, pero hemos recibido un no rotundo. Sin embargo, LAB aprovechar\u00e1 cualquier oportunidad de lucha [&hellip;]<\/p>\n","protected":false},"author":1191,"featured_media":83241,"comment_status":"closed","ping_status":"closed","sticky":false,"template":"","format":"standard","meta":{"_monsterinsights_skip_tracking":false,"_monsterinsights_sitenote_active":false,"_monsterinsights_sitenote_note":"","_monsterinsights_sitenote_category":0,"footnotes":"","_links_to":"","_links_to_target":""},"categories":[18],"tags":[3033,3178],"class_list":{"0":"post-83243","1":"post","2":"type-post","3":"status-publish","4":"format-standard","5":"has-post-thumbnail","7":"category-es-accion-sindical","8":"tag-accion-sindical-es","9":"tag-destacado-1"},"_links":{"self":[{"href":"https:\/\/www.lab.eus\/es\/wp-json\/wp\/v2\/posts\/83243","targetHints":{"allow":["GET"]}}],"collection":[{"href":"https:\/\/www.lab.eus\/es\/wp-json\/wp\/v2\/posts"}],"about":[{"href":"https:\/\/www.lab.eus\/es\/wp-json\/wp\/v2\/types\/post"}],"author":[{"embeddable":true,"href":"https:\/\/www.lab.eus\/es\/wp-json\/wp\/v2\/users\/1191"}],"replies":[{"embeddable":true,"href":"https:\/\/www.lab.eus\/es\/wp-json\/wp\/v2\/comments?post=83243"}],"version-history":[{"count":1,"href":"https:\/\/www.lab.eus\/es\/wp-json\/wp\/v2\/posts\/83243\/revisions"}],"predecessor-version":[{"id":83244,"href":"https:\/\/www.lab.eus\/es\/wp-json\/wp\/v2\/posts\/83243\/revisions\/83244"}],"wp:featuredmedia":[{"embeddable":true,"href":"https:\/\/www.lab.eus\/es\/wp-json\/wp\/v2\/media\/83241"}],"wp:attachment":[{"href":"https:\/\/www.lab.eus\/es\/wp-json\/wp\/v2\/media?parent=83243"}],"wp:term":[{"taxonomy":"category","embeddable":true,"href":"https:\/\/www.lab.eus\/es\/wp-json\/wp\/v2\/categories?post=83243"},{"taxonomy":"post_tag","embeddable":true,"href":"https:\/\/www.lab.eus\/es\/wp-json\/wp\/v2\/tags?post=83243"}],"curies":[{"name":"wp","href":"https:\/\/api.w.org\/{rel}","templated":true}]}}