{"id":83202,"date":"2025-09-15T11:19:37","date_gmt":"2025-09-15T11:19:37","guid":{"rendered":"https:\/\/www.lab.eus\/?p=83202"},"modified":"2025-09-15T11:19:40","modified_gmt":"2025-09-15T11:19:40","slug":"la-mayoria-sindical-vasca-apoya-las-movilizaciones-del-movimiento-de-pensionistas-del-20-y-25-de-septiembre-por-una-pension-minima-equiparable-al-smi","status":"publish","type":"post","link":"https:\/\/www.lab.eus\/es\/la-mayoria-sindical-vasca-apoya-las-movilizaciones-del-movimiento-de-pensionistas-del-20-y-25-de-septiembre-por-una-pension-minima-equiparable-al-smi\/","title":{"rendered":"La mayor\u00eda sindical vasca apoya las movilizaciones del Movimiento de Pensionistas del 20 y 25 de septiembre por una pensi\u00f3n m\u00ednima equiparable al SMI"},"content":{"rendered":"\n<p>LAB, ELA, ESK, Steilas, Etxalde e Hiru exigen a PNV y PSE que no impidan el debate sobre una demanda apoyada por m\u00e1s de 144.000 personas, y denuncian que ambos partidos pretenden escudarse en un informe jur\u00eddico para mantener a 90.000 pensionistas en la pobreza. La coordinadora general Garbi\u00f1e Aranburu ha intervenido en la comparecencia realizada hoy.<\/p>\n\n\n\n<p>Durante cinco meses, el Movimiento de Pensionistas de Euskal Herria ha trabajado recabando apoyos para una Iniciativa Legislativa Popular en favor de complementar la pensi\u00f3n m\u00ednima hasta equipararla al salario m\u00ednimo para la Comunidad Aut\u00f3noma Vasca. Esta iniciativa ha suscitado gran apoyo, tras recoger m\u00e1s de 144.000 firmas. La mayor\u00eda sindical vasca ha apoyado y realizado su aportaci\u00f3n en este proceso.<\/p>\n\n\n\n<p>Tras la presentaci\u00f3n de las miles de firmas en el Parlamento, el Gobierno Vasco deb\u00eda realizar un informe t\u00e9cnico no vinculante sobre la ILP, que ha sido desfavorable. Los sindicatos consideramos que el informe ni es t\u00e9cnico, ni es jur\u00eddico, sino que se trata de un informe de \u00edndole pol\u00edtica que refleja la nula intenci\u00f3n de los partidos que conforman el Gobierno Vasco de dar respuesta a la realidad de las personas que perciben las pensiones m\u00e1s bajas.<\/p>\n\n\n\n<p>De esta manera, PNV y PSE intentan obstaculizar el debate en el Parlamento, impidiendo que se admita a tr\u00e1mite. En principio, el 25 de septiembre se decidir\u00e1 su admisi\u00f3n a tr\u00e1mite en el Parlamento de Gsateiz, y exigimos a los partidos pol\u00edticos que voten a favor de esta Iniciativa que tanto apoyo ha recibido entre la ciudadan\u00eda. Es una cuesti\u00f3n democr\u00e1tica. Evitar el tr\u00e1mite parlamentario supone robar a la sociedad vasca la capacidad de debatir y acordar el modelo de protecci\u00f3n social que necesita.<\/p>\n\n\n\n<p>Si esta ILP no se admite a tr\u00e1mite, saldr\u00e1 perjudicada el conjunto de la clase trabajadora, muy especialmente las mujeres pensionistas, que reciben las pensiones m\u00e1s bajas: muchas de ellas no llegan ni a 700 euros mensuales. Existe una brecha en pensiones entre mujeres y hombres de alrededor del 40%. PNV y PSE, con su informe, dejan en evidencia la falta de reconocimiento de los trabajos de cuidados: miles de mujeres pensionistas se ven obligadas a recibir pensiones de miseria porque sus labores de cuidados les han impedido acceder al mercado laboral.<\/p>\n\n\n\n<p>Esta ILP contribuir\u00eda a reducir las desigualdades entre mujeres y hombres pensionistas, ya que supondr\u00eda equiparar las pensiones m\u00e1s bajas al SMI. Actualmente existen unas 90.000 pensionistas, la mayor\u00eda mujeres, con ingresos por debajo del SMI. Sin embargo, solo 15.000 de ellas cobran la Renta de Garant\u00eda de Ingresos. Queda as\u00ed demostrado que esta RGI no es una herramienta \u00fatil para que las personas pensionistas cuenten con ingresos suficientes.<\/p>\n\n\n\n<p>Por ello, la mayor\u00eda sindical vasca se movilizar\u00e1 junto con el Movimiento de Pensionistas de Euskal Herria el 20 de septiembre en Bilbao, Donostia y Gasteiz, y el 25 de septiembre, tambi\u00e9n en esta \u00faltima capital, para exigir a los partidos pol\u00edticos vascos que voten favorablemente por el complemento de la pensiones m\u00ednimas.<\/p>\n\n\n\n<figure class=\"wp-block-gallery has-nested-images columns-default is-cropped wp-block-gallery-1 is-layout-flex wp-block-gallery-is-layout-flex\">\n<figure class=\"wp-block-image size-large\"><img loading=\"lazy\" decoding=\"async\" width=\"1024\" height=\"683\" data-id=\"83195\" src=\"https:\/\/www.lab.eus\/wp-content\/uploads\/2025\/09\/IMG_1578-1024x683.jpg\" alt=\"\" class=\"wp-image-83195\" srcset=\"https:\/\/www.lab.eus\/wp-content\/uploads\/2025\/09\/IMG_1578-1024x683.jpg 1024w, https:\/\/www.lab.eus\/wp-content\/uploads\/2025\/09\/IMG_1578-300x200.jpg 300w, https:\/\/www.lab.eus\/wp-content\/uploads\/2025\/09\/IMG_1578-768x512.jpg 768w, https:\/\/www.lab.eus\/wp-content\/uploads\/2025\/09\/IMG_1578-1536x1024.jpg 1536w, https:\/\/www.lab.eus\/wp-content\/uploads\/2025\/09\/IMG_1578-2048x1365.jpg 2048w, https:\/\/www.lab.eus\/wp-content\/uploads\/2025\/09\/IMG_1578-630x420.jpg 630w, https:\/\/www.lab.eus\/wp-content\/uploads\/2025\/09\/IMG_1578-150x100.jpg 150w, https:\/\/www.lab.eus\/wp-content\/uploads\/2025\/09\/IMG_1578-696x464.jpg 696w, https:\/\/www.lab.eus\/wp-content\/uploads\/2025\/09\/IMG_1578-1068x712.jpg 1068w, https:\/\/www.lab.eus\/wp-content\/uploads\/2025\/09\/IMG_1578-1920x1280.jpg 1920w\" sizes=\"auto, (max-width: 1024px) 100vw, 1024px\" \/><\/figure>\n\n\n\n<figure class=\"wp-block-image size-large\"><img loading=\"lazy\" decoding=\"async\" width=\"1024\" height=\"683\" data-id=\"83190\" src=\"https:\/\/www.lab.eus\/wp-content\/uploads\/2025\/09\/IMG_1572-1024x683.jpg\" alt=\"\" class=\"wp-image-83190\" srcset=\"https:\/\/www.lab.eus\/wp-content\/uploads\/2025\/09\/IMG_1572-1024x683.jpg 1024w, https:\/\/www.lab.eus\/wp-content\/uploads\/2025\/09\/IMG_1572-300x200.jpg 300w, https:\/\/www.lab.eus\/wp-content\/uploads\/2025\/09\/IMG_1572-768x512.jpg 768w, https:\/\/www.lab.eus\/wp-content\/uploads\/2025\/09\/IMG_1572-1536x1024.jpg 1536w, https:\/\/www.lab.eus\/wp-content\/uploads\/2025\/09\/IMG_1572-2048x1365.jpg 2048w, https:\/\/www.lab.eus\/wp-content\/uploads\/2025\/09\/IMG_1572-630x420.jpg 630w, https:\/\/www.lab.eus\/wp-content\/uploads\/2025\/09\/IMG_1572-150x100.jpg 150w, https:\/\/www.lab.eus\/wp-content\/uploads\/2025\/09\/IMG_1572-696x464.jpg 696w, https:\/\/www.lab.eus\/wp-content\/uploads\/2025\/09\/IMG_1572-1068x712.jpg 1068w, https:\/\/www.lab.eus\/wp-content\/uploads\/2025\/09\/IMG_1572-1920x1280.jpg 1920w\" sizes=\"auto, (max-width: 1024px) 100vw, 1024px\" \/><\/figure>\n\n\n\n<figure class=\"wp-block-image size-large\"><img loading=\"lazy\" decoding=\"async\" width=\"1024\" height=\"683\" data-id=\"83184\" src=\"https:\/\/www.lab.eus\/wp-content\/uploads\/2025\/09\/IMG_1591-1024x683.jpg\" alt=\"\" class=\"wp-image-83184\" srcset=\"https:\/\/www.lab.eus\/wp-content\/uploads\/2025\/09\/IMG_1591-1024x683.jpg 1024w, https:\/\/www.lab.eus\/wp-content\/uploads\/2025\/09\/IMG_1591-300x200.jpg 300w, https:\/\/www.lab.eus\/wp-content\/uploads\/2025\/09\/IMG_1591-768x512.jpg 768w, https:\/\/www.lab.eus\/wp-content\/uploads\/2025\/09\/IMG_1591-1536x1024.jpg 1536w, https:\/\/www.lab.eus\/wp-content\/uploads\/2025\/09\/IMG_1591-2048x1365.jpg 2048w, https:\/\/www.lab.eus\/wp-content\/uploads\/2025\/09\/IMG_1591-630x420.jpg 630w, https:\/\/www.lab.eus\/wp-content\/uploads\/2025\/09\/IMG_1591-150x100.jpg 150w, https:\/\/www.lab.eus\/wp-content\/uploads\/2025\/09\/IMG_1591-696x464.jpg 696w, https:\/\/www.lab.eus\/wp-content\/uploads\/2025\/09\/IMG_1591-1068x712.jpg 1068w, https:\/\/www.lab.eus\/wp-content\/uploads\/2025\/09\/IMG_1591-1920x1280.jpg 1920w\" sizes=\"auto, (max-width: 1024px) 100vw, 1024px\" \/><\/figure>\n\n\n\n<figure class=\"wp-block-image size-large\"><img loading=\"lazy\" decoding=\"async\" width=\"1024\" height=\"487\" data-id=\"83181\" src=\"https:\/\/www.lab.eus\/wp-content\/uploads\/2025\/09\/IMG_1566-1024x487.jpg\" alt=\"\" class=\"wp-image-83181\" srcset=\"https:\/\/www.lab.eus\/wp-content\/uploads\/2025\/09\/IMG_1566-1024x487.jpg 1024w, https:\/\/www.lab.eus\/wp-content\/uploads\/2025\/09\/IMG_1566-300x143.jpg 300w, https:\/\/www.lab.eus\/wp-content\/uploads\/2025\/09\/IMG_1566-768x365.jpg 768w, https:\/\/www.lab.eus\/wp-content\/uploads\/2025\/09\/IMG_1566-1536x730.jpg 1536w, https:\/\/www.lab.eus\/wp-content\/uploads\/2025\/09\/IMG_1566-2048x974.jpg 2048w, https:\/\/www.lab.eus\/wp-content\/uploads\/2025\/09\/IMG_1566-883x420.jpg 883w, https:\/\/www.lab.eus\/wp-content\/uploads\/2025\/09\/IMG_1566-150x71.jpg 150w, https:\/\/www.lab.eus\/wp-content\/uploads\/2025\/09\/IMG_1566-696x331.jpg 696w, https:\/\/www.lab.eus\/wp-content\/uploads\/2025\/09\/IMG_1566-1068x508.jpg 1068w, https:\/\/www.lab.eus\/wp-content\/uploads\/2025\/09\/IMG_1566-1920x913.jpg 1920w\" sizes=\"auto, (max-width: 1024px) 100vw, 1024px\" \/><\/figure>\n<\/figure>\n\n\n\n<figure class=\"wp-block-image size-large\"><img loading=\"lazy\" decoding=\"async\" width=\"724\" height=\"1024\" src=\"https:\/\/www.lab.eus\/wp-content\/uploads\/2025\/09\/5918044590189956033-724x1024.jpg\" alt=\"\" class=\"wp-image-83200\" srcset=\"https:\/\/www.lab.eus\/wp-content\/uploads\/2025\/09\/5918044590189956033-724x1024.jpg 724w, https:\/\/www.lab.eus\/wp-content\/uploads\/2025\/09\/5918044590189956033-212x300.jpg 212w, https:\/\/www.lab.eus\/wp-content\/uploads\/2025\/09\/5918044590189956033-768x1086.jpg 768w, https:\/\/www.lab.eus\/wp-content\/uploads\/2025\/09\/5918044590189956033-297x420.jpg 297w, https:\/\/www.lab.eus\/wp-content\/uploads\/2025\/09\/5918044590189956033-150x212.jpg 150w, https:\/\/www.lab.eus\/wp-content\/uploads\/2025\/09\/5918044590189956033-300x424.jpg 300w, https:\/\/www.lab.eus\/wp-content\/uploads\/2025\/09\/5918044590189956033-696x984.jpg 696w, https:\/\/www.lab.eus\/wp-content\/uploads\/2025\/09\/5918044590189956033.jpg 905w\" sizes=\"auto, (max-width: 724px) 100vw, 724px\" \/><\/figure>\n","protected":false},"excerpt":{"rendered":"<p>LAB, ELA, ESK, Steilas, Etxalde e Hiru exigen a PNV y PSE que no impidan el debate sobre una demanda apoyada por m\u00e1s de 144.000 personas, y denuncian que ambos partidos pretenden escudarse en un informe jur\u00eddico para mantener a 90.000 pensionistas en la pobreza. La coordinadora general Garbi\u00f1e Aranburu ha intervenido en la comparecencia [&hellip;]<\/p>\n","protected":false},"author":1191,"featured_media":83177,"comment_status":"closed","ping_status":"closed","sticky":false,"template":"","format":"standard","meta":{"_monsterinsights_skip_tracking":false,"_monsterinsights_sitenote_active":false,"_monsterinsights_sitenote_note":"","_monsterinsights_sitenote_category":0,"footnotes":"","_links_to":"","_links_to_target":""},"categories":[18,2994],"tags":[3033,3182,3277,5337,5338,5198,3202,3269,3279],"class_list":{"0":"post-83202","1":"post","2":"type-post","3":"status-publish","4":"format-standard","5":"has-post-thumbnail","7":"category-es-accion-sindical","8":"category-accion-social","9":"tag-accion-sindical-es","10":"tag-accion-social-es","11":"tag-garbine-aranburu-es","12":"tag-ilp-de-pensionistas","13":"tag-ilp-sobre-pensiones","14":"tag-movimiento-de-pensionistas","15":"tag-pensiones","16":"tag-pensionistas","17":"tag-portada-es"},"_links":{"self":[{"href":"https:\/\/www.lab.eus\/es\/wp-json\/wp\/v2\/posts\/83202","targetHints":{"allow":["GET"]}}],"collection":[{"href":"https:\/\/www.lab.eus\/es\/wp-json\/wp\/v2\/posts"}],"about":[{"href":"https:\/\/www.lab.eus\/es\/wp-json\/wp\/v2\/types\/post"}],"author":[{"embeddable":true,"href":"https:\/\/www.lab.eus\/es\/wp-json\/wp\/v2\/users\/1191"}],"replies":[{"embeddable":true,"href":"https:\/\/www.lab.eus\/es\/wp-json\/wp\/v2\/comments?post=83202"}],"version-history":[{"count":1,"href":"https:\/\/www.lab.eus\/es\/wp-json\/wp\/v2\/posts\/83202\/revisions"}],"predecessor-version":[{"id":83203,"href":"https:\/\/www.lab.eus\/es\/wp-json\/wp\/v2\/posts\/83202\/revisions\/83203"}],"wp:featuredmedia":[{"embeddable":true,"href":"https:\/\/www.lab.eus\/es\/wp-json\/wp\/v2\/media\/83177"}],"wp:attachment":[{"href":"https:\/\/www.lab.eus\/es\/wp-json\/wp\/v2\/media?parent=83202"}],"wp:term":[{"taxonomy":"category","embeddable":true,"href":"https:\/\/www.lab.eus\/es\/wp-json\/wp\/v2\/categories?post=83202"},{"taxonomy":"post_tag","embeddable":true,"href":"https:\/\/www.lab.eus\/es\/wp-json\/wp\/v2\/tags?post=83202"}],"curies":[{"name":"wp","href":"https:\/\/api.w.org\/{rel}","templated":true}]}}