{"id":83118,"date":"2025-09-11T12:36:42","date_gmt":"2025-09-11T12:36:42","guid":{"rendered":"https:\/\/www.lab.eus\/?p=83118"},"modified":"2025-09-11T12:36:46","modified_gmt":"2025-09-11T12:36:46","slug":"lab-denuncia-que-la-privatizacion-de-las-ambulancias-en-la-cav-permite-a-empresas-privadas-lucrarse-con-recursos-publicos","status":"publish","type":"post","link":"https:\/\/www.lab.eus\/es\/lab-denuncia-que-la-privatizacion-de-las-ambulancias-en-la-cav-permite-a-empresas-privadas-lucrarse-con-recursos-publicos\/","title":{"rendered":"LAB denuncia que la privatizaci\u00f3n de las ambulancias en la CAV permite a empresas privadas lucrarse con recursos p\u00fablicos"},"content":{"rendered":"\n<p><strong>Que las ambulancias de la Comunidad Aut\u00f3noma Vasca est\u00e9n privatizadas es un problema de toda la sociedad, no s\u00f3lo porque nos repercute en el servicio, sino porque adem\u00e1s el dinero p\u00fablico que todos y todas las vascas aportamos es manejado por las empresas privadas a su antojo sin apenas control. Cada vez es m\u00e1s necesaria la publificaci\u00f3n del servicio.<\/strong><\/p>\n\n\n\n<p>El servicio del transporte sanitario en la CAV se presta por empresas privadas subcontratadas tanto en el servicio de emergencias como en el servicio no urgente, y esto est\u00e1 llevando a multitud de problemas. El \u00faltimo, es el uso de dinero p\u00fablico para mantener servicios que se realizan para los hospitales privados, pero recibiendo los ingresos de estos una tercera empresa ajena a la licitaci\u00f3n del Gobierno Vasco.<\/p>\n\n\n\n<p>En Bizkaia, desde que la cooperativa catalana La Pau tuvo que dejar de prestar este servicio, dos empresas formaron una UTE para el contrato de urgencia que les fue adjudicado: AMBULANCIAS BAZTAN BIDASOA, SL y SANIR MOVILIDAD SANITARIA SA (creada a su vez por ALSA y TRANSINSA). En todo este l\u00edo de empresas puede ser dif\u00edcil seguir el hilo de la situaci\u00f3n, pero finalmente se resumi\u00f3 en el nombre UTE BIZKANB.<\/p>\n\n\n\n<p>Pues bien, UTE BIZKANB, que sorprendentemente comenz\u00f3 a prestar servicios antes incluso de que la oferta de contrato se hiciera p\u00fablica por parte del Gobierno Vasco \u2014lo cual ya da pistas sobre lo \u201climpio\u201d de este proceso\u2014, subrog\u00f3, como era su obligaci\u00f3n, a toda la plantilla que ven\u00eda de La Pau. Esta plantilla incluye no solo a conductores\/as, enfermeros\/as y ayudantes que vemos habitualmente en las ambulancias, sino tambi\u00e9n al personal de log\u00edstica, al de oficinas, a las telefonistas que reciben las solicitudes de servicios diarios, y a las coordinadoras que se encargan de asignarlos para que la ambulancia aparezca.<\/p>\n\n\n\n<p>Precisamente sobre estas personas cuyo trabajo no vemos en el d\u00eda a d\u00eda, las que est\u00e1n \u201cdetr\u00e1s de las c\u00e1maras\u201d, recae una gran parte del problema de la privatizaci\u00f3n.<\/p>\n\n\n\n<p>\u00bfAlguien se ha preguntado alguna vez qui\u00e9n gestiona los servicios de ambulancias que van a centros sanitarios privados? Y unido a esto, \u00bfqui\u00e9n recibe el dinero que esos centros privados y sus usuarios pagan por este servicio? Pues digamos que esto es el c\u00edrculo perfecto para una empresa privada en concreto: SANIR.<\/p>\n\n\n\n<p>SANIR es la empresa que actualmente tienen contratada algunos hospitales privados para el transporte en ambulancia; SANIR es a quien pagan por esos servicios. Pero resulta que SANIR no tiene telefonistas, ni personal de log\u00edstica, ni personal de coordinaci\u00f3n. \u00bfY c\u00f3mo lo hacen? \u00bfMagia? No: con recursos p\u00fablicos.<\/p>\n\n\n\n<p>El Gobierno Vasco da a la empresa adjudicataria (UTE BIZKANB) una cuant\u00eda de dinero con la que pagar todos los recursos, incluida la plantilla, que deber\u00eda centrar su esfuerzo en las ambulancias del sector\u00a0p\u00fablico. Sin embargo, esa plantilla es obligada tambi\u00e9n a trabajar para SANIR y a gestionarle todos los servicios. Negocio redondo: el Gobierno Vasco paga, y SANIR se lleva el beneficio.<\/p>\n\n\n\n<p>La pregunta es: \u00bfhasta cu\u00e1ndo? \u00bfHasta cu\u00e1ndo se va a tolerar que las empresas privadas usen de forma indebida los recursos p\u00fablicos? \u00bfA qui\u00e9n beneficia que este servicio sea gestionado por empresas privadas? El contrato est\u00e1 a punto de terminar y es el momento de que el Gobierno Vasco entienda que la \u00fanica forma de que no nos roben es la gesti\u00f3n directa de los servicios p\u00fablicos.&nbsp;<\/p>\n","protected":false},"excerpt":{"rendered":"<p>Que las ambulancias de la Comunidad Aut\u00f3noma Vasca est\u00e9n privatizadas es un problema de toda la sociedad, no s\u00f3lo porque nos repercute en el servicio, sino porque adem\u00e1s el dinero p\u00fablico que todos y todas las vascas aportamos es manejado por las empresas privadas a su antojo sin apenas control. Cada vez es m\u00e1s necesaria [&hellip;]<\/p>\n","protected":false},"author":1191,"featured_media":72342,"comment_status":"closed","ping_status":"closed","sticky":false,"template":"","format":"standard","meta":{"_monsterinsights_skip_tracking":false,"_monsterinsights_sitenote_active":false,"_monsterinsights_sitenote_note":"","_monsterinsights_sitenote_category":0,"footnotes":"","_links_to":"","_links_to_target":""},"categories":[372,2867,6],"tags":[3178,3066,3171],"class_list":{"0":"post-83118","1":"post","2":"type-post","3":"status-publish","4":"format-standard","5":"has-post-thumbnail","7":"category-es-ambulancias-es-servicios-privados","8":"category-federaciones","9":"category-es-servicios-publicos","10":"tag-destacado-1","11":"tag-federaciones-es","12":"tag-servicios-publicos-es"},"_links":{"self":[{"href":"https:\/\/www.lab.eus\/es\/wp-json\/wp\/v2\/posts\/83118","targetHints":{"allow":["GET"]}}],"collection":[{"href":"https:\/\/www.lab.eus\/es\/wp-json\/wp\/v2\/posts"}],"about":[{"href":"https:\/\/www.lab.eus\/es\/wp-json\/wp\/v2\/types\/post"}],"author":[{"embeddable":true,"href":"https:\/\/www.lab.eus\/es\/wp-json\/wp\/v2\/users\/1191"}],"replies":[{"embeddable":true,"href":"https:\/\/www.lab.eus\/es\/wp-json\/wp\/v2\/comments?post=83118"}],"version-history":[{"count":1,"href":"https:\/\/www.lab.eus\/es\/wp-json\/wp\/v2\/posts\/83118\/revisions"}],"predecessor-version":[{"id":83119,"href":"https:\/\/www.lab.eus\/es\/wp-json\/wp\/v2\/posts\/83118\/revisions\/83119"}],"wp:featuredmedia":[{"embeddable":true,"href":"https:\/\/www.lab.eus\/es\/wp-json\/wp\/v2\/media\/72342"}],"wp:attachment":[{"href":"https:\/\/www.lab.eus\/es\/wp-json\/wp\/v2\/media?parent=83118"}],"wp:term":[{"taxonomy":"category","embeddable":true,"href":"https:\/\/www.lab.eus\/es\/wp-json\/wp\/v2\/categories?post=83118"},{"taxonomy":"post_tag","embeddable":true,"href":"https:\/\/www.lab.eus\/es\/wp-json\/wp\/v2\/tags?post=83118"}],"curies":[{"name":"wp","href":"https:\/\/api.w.org\/{rel}","templated":true}]}}