{"id":83114,"date":"2025-09-11T10:58:30","date_gmt":"2025-09-11T10:58:30","guid":{"rendered":"https:\/\/www.lab.eus\/?p=83114"},"modified":"2025-09-12T07:10:39","modified_gmt":"2025-09-12T07:10:39","slug":"ueu-e-ipar-hegoa-fundazioa-han-presentado-el-libro-etxearen-korapiloa-askatzen-etxebizitza-politika-justurako-gakoak","status":"publish","type":"post","link":"https:\/\/www.lab.eus\/es\/ueu-e-ipar-hegoa-fundazioa-han-presentado-el-libro-etxearen-korapiloa-askatzen-etxebizitza-politika-justurako-gakoak\/","title":{"rendered":"UEU e Ipar Hegoa Fundazioa han presentado el libro &#8216;ETXEAREN KORAPILOA ASKATZEN. Etxebizitza-politika justurako gakoak&#8217;"},"content":{"rendered":"\n<p><strong>Unai Fern\u00e1ndez de Beto\u00f1o S\u00e1enz de Lacuesta (Vitoria-Gasteiz, 1977) ha escrito el libro <em>ETXEAREN KORAPILOA ASKATZEN. Etxebizitza-politika justurako gakoak<\/em>, en colaboraci\u00f3n con UEU y la Fundaci\u00f3n Ipar Hegoa. En \u00e9l se ofrecen 30 claves pol\u00edticas, econ\u00f3micas y sociales para resolver el problema de la vivienda.<\/strong><\/p>\n\n\n\n<p>En la rueda de prensa han participado Unai Fern\u00e1ndez de Beto\u00f1o S\u00e1enz de Lacuesta, autor del libro; Edurne Larra\u00f1aga Celada, responsable de estudios de la Fundaci\u00f3n Ipar Hegoa; Gidor Bilbao Telletxea, responsable de publicaciones de UEU; e Iratxe Delgado Arribas, miembro de Acci\u00f3n Social del sindicato LAB.<\/p>\n\n\n\n<p>Gidor Bilbao Telletxea, responsable de publicaciones de UEU, ha subrayado que el libro se sit\u00faa en la senda de la academicidad y de la b\u00fasqueda de la justicia social.<\/p>\n\n\n\n<p>Edurne Larra\u00f1aga Celada, responsable de estudios de la Fundaci\u00f3n Ipar Hegoa, ha se\u00f1alado que el encarecimiento de la vivienda tiene un enorme impacto en la vida de los trabajadores y trabajadoras, y que este libro es una herramienta para el sindicato LAB. El sindicato LAB decidi\u00f3 ser un sujeto activo en el tema de la vivienda, y esa ha sido otra de las razones para impulsar este libro.<\/p>\n\n\n\n<p>Seg\u00fan Unai Fern\u00e1ndez de Beto\u00f1o S\u00e1enz de Lacuesta, el problema de la vivienda es consecuencia de decisiones pol\u00edticas concretas, y por lo tanto, otras decisiones pol\u00edticas tambi\u00e9n pueden darle la vuelta al problema. \u201cEn el libro expongo las claves pol\u00edticas, econ\u00f3micas y sociales para desatar el nudo de la vivienda: reunidas en treinta medidas que deber\u00edan adoptarse casi simult\u00e1neamente, y adem\u00e1s de manera duradera, es decir, manteni\u00e9ndolas en el tiempo. No son desconocidas, pero hoy por hoy, al menos en el Pa\u00eds Vasco Sur, no hay suficiente voluntad pol\u00edtica para llevarlas a cabo y resolver de verdad el problema de la vivienda. \u00bfPor qu\u00e9? Pues porque para desatar el nudo de la vivienda hay que apartarse de la l\u00f3gica del mercado, ofreciendo viviendas asequibles y duraderas, y no existe gran inter\u00e9s pol\u00edtico en hacerlo de manera efectiva, ya que lo que se persigue es que el precio de la vivienda siga subiendo continuamente\u201d.<\/p>\n\n\n\n<p>El autor ha destacado que en el Pa\u00eds Vasco Sur apenas se ha impulsado el alquiler social: \u201cEn la lista de Etxebide en la CAV, por ejemplo, hoy en d\u00eda hay 85.000 solicitantes reclamando una vivienda de alquiler social, porque no pueden pagar un alquiler libre, pero la oferta es de solo 28.000 viviendas de alquiler social\u201d. Seg\u00fan \u00e9l, la cifra de viviendas de alquiler social en el Sur es nueve veces menor que la oferta en pa\u00edses como Dinamarca, Pa\u00edses Bajos o Austria. Y casi cuatro veces inferior a la media de la Uni\u00f3n Europea: \u201cel principal reto ser\u00eda conseguir cuanto antes m\u00e1s viviendas de alquiler social\u201d.<\/p>\n\n\n\n<p>Fern\u00e1ndez de Beto\u00f1o ha explicado que los lectores, adem\u00e1s de encontrar el origen del problema de la vivienda, hallar\u00e1n tambi\u00e9n soluciones viables. Asimismo, ha subrayado que est\u00e1 escrito desde la mirada de Euskal Herria: \u201cNuestros j\u00f3venes al norte del Bidasoa se emancipan cinco o seis a\u00f1os antes que los del sur del Bidasoa, entre otras cosas porque en el Pa\u00eds Vasco Norte hay tres veces m\u00e1s alquiler social que en el Pa\u00eds Vasco Sur. En la misma l\u00ednea, el libro explica c\u00f3mo debemos resolver el problema de la vivienda sin crear otros problemas, como los urban\u00edsticos o los ling\u00fc\u00edsticos: tambi\u00e9n debemos tener en cuenta las especificidades de los espacios de uso intensivo del euskera o de los municipios vascoparlantes\u201d.&nbsp;<\/p>\n","protected":false},"excerpt":{"rendered":"<p>Unai Fern\u00e1ndez de Beto\u00f1o S\u00e1enz de Lacuesta (Vitoria-Gasteiz, 1977) ha escrito el libro ETXEAREN KORAPILOA ASKATZEN. Etxebizitza-politika justurako gakoak, en colaboraci\u00f3n con UEU y la Fundaci\u00f3n Ipar Hegoa. En \u00e9l se ofrecen 30 claves pol\u00edticas, econ\u00f3micas y sociales para resolver el problema de la vivienda. En la rueda de prensa han participado Unai Fern\u00e1ndez de [&hellip;]<\/p>\n","protected":false},"author":1191,"featured_media":83112,"comment_status":"closed","ping_status":"closed","sticky":false,"template":"","format":"standard","meta":{"_monsterinsights_skip_tracking":false,"_monsterinsights_sitenote_active":false,"_monsterinsights_sitenote_note":"","_monsterinsights_sitenote_category":0,"footnotes":"","_links_to":"","_links_to_target":""},"categories":[2994],"tags":[3182,3178],"class_list":{"0":"post-83114","1":"post","2":"type-post","3":"status-publish","4":"format-standard","5":"has-post-thumbnail","7":"category-accion-social","8":"tag-accion-social-es","9":"tag-destacado-1"},"_links":{"self":[{"href":"https:\/\/www.lab.eus\/es\/wp-json\/wp\/v2\/posts\/83114","targetHints":{"allow":["GET"]}}],"collection":[{"href":"https:\/\/www.lab.eus\/es\/wp-json\/wp\/v2\/posts"}],"about":[{"href":"https:\/\/www.lab.eus\/es\/wp-json\/wp\/v2\/types\/post"}],"author":[{"embeddable":true,"href":"https:\/\/www.lab.eus\/es\/wp-json\/wp\/v2\/users\/1191"}],"replies":[{"embeddable":true,"href":"https:\/\/www.lab.eus\/es\/wp-json\/wp\/v2\/comments?post=83114"}],"version-history":[{"count":2,"href":"https:\/\/www.lab.eus\/es\/wp-json\/wp\/v2\/posts\/83114\/revisions"}],"predecessor-version":[{"id":83144,"href":"https:\/\/www.lab.eus\/es\/wp-json\/wp\/v2\/posts\/83114\/revisions\/83144"}],"wp:featuredmedia":[{"embeddable":true,"href":"https:\/\/www.lab.eus\/es\/wp-json\/wp\/v2\/media\/83112"}],"wp:attachment":[{"href":"https:\/\/www.lab.eus\/es\/wp-json\/wp\/v2\/media?parent=83114"}],"wp:term":[{"taxonomy":"category","embeddable":true,"href":"https:\/\/www.lab.eus\/es\/wp-json\/wp\/v2\/categories?post=83114"},{"taxonomy":"post_tag","embeddable":true,"href":"https:\/\/www.lab.eus\/es\/wp-json\/wp\/v2\/tags?post=83114"}],"curies":[{"name":"wp","href":"https:\/\/api.w.org\/{rel}","templated":true}]}}