{"id":83099,"date":"2025-09-10T12:09:59","date_gmt":"2025-09-10T12:09:59","guid":{"rendered":"https:\/\/www.lab.eus\/?p=83099"},"modified":"2025-09-10T12:10:02","modified_gmt":"2025-09-10T12:10:02","slug":"gobierno-vasco-asegura-la-financiacion-que-necesita-la-universidad-publica-equipo-rectoral-defiende-con-firmeza-la-ehu","status":"publish","type":"post","link":"https:\/\/www.lab.eus\/es\/gobierno-vasco-asegura-la-financiacion-que-necesita-la-universidad-publica-equipo-rectoral-defiende-con-firmeza-la-ehu\/","title":{"rendered":"Gobierno Vasco: \u00a1asegura la financiaci\u00f3n que necesita la universidad p\u00fablica! Equipo rectoral: \u00a1defiende con firmeza la EHU!"},"content":{"rendered":"\n<p><strong>La infrafinanciaci\u00f3n de la universidad p\u00fablica vuelve a ser el tema clave en el acto de apertura del nuevo curso. En el mismo, escucharemos bonitas palabras en boca del lehendakari ensalzando la imprescindible aportaci\u00f3n de la universidad p\u00fablica a la sociedad vasca, y aludiendo al reto que supone mantenerse e incluso subir puestos entre las mejores universidades del mundo. Sin embargo, la realidad es otra: la de una universidad p\u00fablica infrafinanciada. As\u00ed pues, en lugar de hablar de excelencia una y otra vez, deber\u00edamos denominar a la situaci\u00f3n end\u00e9mica que tenemos en la EHU excelente dejadez interesada.<\/strong><\/p>\n\n\n\n<p>Los salarios b\u00e1sicos del personal docente e investigador (PDI) de la UPV\/EHU son inferiores a los salarios b\u00e1sicos del profesorado de secundaria, y la p\u00e9rdida de poder adquisitivo ha sido muy evidente. Por aportar un dato, desde 2008 el salario del profesorado agregado y titular de universidad ha sufrido una devaluaci\u00f3n del 24,3%. A ello hay que a\u00f1adir que los complementos aprobados en 2006 para complementar los salarios se mantienen congelados, habiendo sido el incremento del IPC del 46,6% desde ese a\u00f1o.<\/p>\n\n\n\n<p>Adem\u00e1s, seguimos teniendo situaciones de precariedad verdaderamente insoportables. A pesar de haber encontrado la v\u00eda para contratar profesorado sustituto a tiempo completo, el profesorado a dedicaci\u00f3n parcial sigue cobrando entre 400 y 800 euros, sin tener reconocidas algunas de las actividades imprescindibles que realizan. La carrera de fondo necesaria para llegar a ser profesor\/a universitario\/a no hace atractiva esta profesi\u00f3n, al menos desde un punto de vista econ\u00f3mico. Prueba de ello es que cada vez m\u00e1s puestos docentes quedan vacantes en algunas \u00e1reas de conocimiento. Esto tendr\u00e1 graves consecuencias a medio y largo plazo, ya que tendremos departamentos de la universidad p\u00fablica donde no habr\u00e1 suficiente profesorado.<\/p>\n\n\n\n<p>A todo esto hay que a\u00f1adir otro rev\u00e9s recibido a finales del curso 2024-25: la suspensi\u00f3n, por falta de financiaci\u00f3n, de la creaci\u00f3n de las plazas de profesorado ayudante doctor y de promoci\u00f3n que estaban aprobadas.<\/p>\n\n\n\n<p>En el caso del Personal T\u00e9cnico de Gesti\u00f3n y de Administraci\u00f3n y Servicios (PTGAS), la p\u00e9rdida de poder adquisitivo sufrida en los \u00faltimos 15 a\u00f1os ha sido del 18,2%, y en muchos servicios y departamentos se necesita m\u00e1s personal. Los puestos de trabajo con menor nivel retributivo deben ser revisados y se deben garantizar unas condiciones salariales dignas y acordes con el coste real de la vida. El trabajo del colectivo PTGAS es imprescindible para el adecuado desarrollo de la docencia, investigaci\u00f3n y dem\u00e1s actividades. Sin embargo, mientras que en otros pa\u00edses europeos la ratio PDI\/PTGAS es de 2, en la EHU es de 2,76.<\/p>\n\n\n\n<p>Para que la universidad p\u00fablica pueda dar respuesta a las necesidades de la sociedad vasca en formaci\u00f3n, investigaci\u00f3n y\/o transferencia del conocimiento es necesario contar con una plantilla suficiente, cuidarla, y ofrecer unas condiciones de trabajo dignas. As\u00ed mismo, es imprescindible aumentar el n\u00famero de contratos para la realizaci\u00f3n de tesis doctorales, garantizar recursos suficientes para la investigaci\u00f3n, poner en marcha las instalaciones nuevas necesarias, realizar el mantenimiento de los edificios (en algunos centros nos hemos acostumbrado a las goteras de todos los a\u00f1os&#8230;), acabar con la privatizaci\u00f3n de algunos servicios y dotar bien a los departamentos y servicios.<\/p>\n\n\n\n<p>Exigimos al equipo rectoral una actitud firme para conseguir la financiaci\u00f3n necesaria para la EHU. Es responsabilidad de la Direcci\u00f3n de la EHU defender con decisi\u00f3n, ante el Gobierno Vasco, una financiaci\u00f3n que responda a las necesidades de una universidad p\u00fablica al servicio de la sociedad.<\/p>\n\n\n\n<p>La financiaci\u00f3n que destina el Gobierno Vasco sigue siendo muy baja. De hecho, la aportaci\u00f3n del Gobierno Vasco a la EHU para 2025 ha supuesto \u00fanicamente el 0,42% del PIB de la Comunidad Aut\u00f3noma Vasca en 2024, muy lejos del 1% del PIB que marca la Ley Org\u00e1nica del Sistema Universitario para 2030. Lo peor es que el consejero de Ciencia, Universidades e Innovaci\u00f3n deja claro, seg\u00fan declaraciones realizadas en algunos medios, que no tiene ninguna intenci\u00f3n de acercarse a esa cifra.<\/p>\n\n\n\n<p>Tampoco menciona la posibilidad que ofrece la LOSU para que las universidades que ofrecen dos lenguas oficiales, obtengan financiaci\u00f3n extra. Mientras en muchos Estados europeos la financiaci\u00f3n de las universidades p\u00fablicas supera el 1% del PIB, las personas y entidades responsables de financiar la EHU est\u00e1n comprometiendo, conscientemente, su presente y futuro.<\/p>\n\n\n\n<p>El Gobierno Vasco tambi\u00e9n hace un uso instrumental de la EHU; no la trata con respeto. Ejemplo de ello es lo ocurrido con las plazas de medicina: mientras el Gobierno Vasco pide a la EHU que aumente el n\u00famero de plazas para estudiar medicina, hace o\u00eddos sordos a otros problemas y necesidades que tiene la universidad.<\/p>\n\n\n\n<p>Al mismo tiempo, el Gobierno Vasco pone la alfombra roja a las universidades privadas, promoviendo un modelo elitista de educaci\u00f3n universitaria. La EHU, que deber\u00eda ser una robusta embarcaci\u00f3n para todas y todos, se est\u00e1 hundiendo poco a poco, mientras la flota de universidades privadas es cada vez m\u00e1s diversa y potente, con todo tipo de facilidades desde las instituciones y financiada directa o indirectamente con dinero p\u00fablico.<\/p>\n\n\n\n<p>En el acto del nuevo curso acad\u00e9mico nos encontrar\u00e1n frente a su modelo privatizador y neoliberal, para exigir financiaci\u00f3n suficiente para la EHU y defender la universidad p\u00fablica que necesita la sociedad vasca.<\/p>\n\n\n\n<p><strong>En defensa de la universidad p\u00fablica,<\/strong><br><strong>Gobierno Vasco: \u00a1asegura una financiaci\u00f3n suficiente!<\/strong><br><strong>Equipo rectoral: \u00a1defiende con firmeza la financiaci\u00f3n que necesita la EHU!<\/strong><\/p>\n\n\n\n<p>LAB \u2013 STEILAS \u2013 ELA \u2013 LSB-USO \u2013 CGT-LKN<\/p>\n","protected":false},"excerpt":{"rendered":"<p>La infrafinanciaci\u00f3n de la universidad p\u00fablica vuelve a ser el tema clave en el acto de apertura del nuevo curso. En el mismo, escucharemos bonitas palabras en boca del lehendakari ensalzando la imprescindible aportaci\u00f3n de la universidad p\u00fablica a la sociedad vasca, y aludiendo al reto que supone mantenerse e incluso subir puestos entre las [&hellip;]<\/p>\n","protected":false},"author":1191,"featured_media":83097,"comment_status":"closed","ping_status":"closed","sticky":false,"template":"","format":"standard","meta":{"_monsterinsights_skip_tracking":false,"_monsterinsights_sitenote_active":false,"_monsterinsights_sitenote_note":"","_monsterinsights_sitenote_category":0,"footnotes":"","_links_to":"","_links_to_target":""},"categories":[18,2990,33,6,3059],"tags":[3033,3178,3194,3171],"class_list":{"0":"post-83099","1":"post","2":"type-post","3":"status-publish","4":"format-standard","5":"has-post-thumbnail","7":"category-es-accion-sindical","8":"category-educacion","9":"category-es-ensenanza","10":"category-es-servicios-publicos","11":"category-universidad","12":"tag-accion-sindical-es","13":"tag-destacado-1","14":"tag-ensenanza-es","15":"tag-servicios-publicos-es"},"_links":{"self":[{"href":"https:\/\/www.lab.eus\/es\/wp-json\/wp\/v2\/posts\/83099","targetHints":{"allow":["GET"]}}],"collection":[{"href":"https:\/\/www.lab.eus\/es\/wp-json\/wp\/v2\/posts"}],"about":[{"href":"https:\/\/www.lab.eus\/es\/wp-json\/wp\/v2\/types\/post"}],"author":[{"embeddable":true,"href":"https:\/\/www.lab.eus\/es\/wp-json\/wp\/v2\/users\/1191"}],"replies":[{"embeddable":true,"href":"https:\/\/www.lab.eus\/es\/wp-json\/wp\/v2\/comments?post=83099"}],"version-history":[{"count":1,"href":"https:\/\/www.lab.eus\/es\/wp-json\/wp\/v2\/posts\/83099\/revisions"}],"predecessor-version":[{"id":83101,"href":"https:\/\/www.lab.eus\/es\/wp-json\/wp\/v2\/posts\/83099\/revisions\/83101"}],"wp:featuredmedia":[{"embeddable":true,"href":"https:\/\/www.lab.eus\/es\/wp-json\/wp\/v2\/media\/83097"}],"wp:attachment":[{"href":"https:\/\/www.lab.eus\/es\/wp-json\/wp\/v2\/media?parent=83099"}],"wp:term":[{"taxonomy":"category","embeddable":true,"href":"https:\/\/www.lab.eus\/es\/wp-json\/wp\/v2\/categories?post=83099"},{"taxonomy":"post_tag","embeddable":true,"href":"https:\/\/www.lab.eus\/es\/wp-json\/wp\/v2\/tags?post=83099"}],"curies":[{"name":"wp","href":"https:\/\/api.w.org\/{rel}","templated":true}]}}