{"id":83088,"date":"2025-09-10T09:52:58","date_gmt":"2025-09-10T09:52:58","guid":{"rendered":"https:\/\/www.lab.eus\/?p=83088"},"modified":"2025-09-10T14:05:32","modified_gmt":"2025-09-10T14:05:32","slug":"lab-reivindica-la-necesidad-de-acabar-con-el-negocio-de-la-vivienda-en-el-parlamento-vasco","status":"publish","type":"post","link":"https:\/\/www.lab.eus\/es\/lab-reivindica-la-necesidad-de-acabar-con-el-negocio-de-la-vivienda-en-el-parlamento-vasco\/","title":{"rendered":"LAB reivindica la necesidad de acabar con el negocio de la vivienda en el Parlamento Vasco"},"content":{"rendered":"\n<p><strong>LAB advierte que la propuesta presentada por PNV y PSE har\u00e1 subir los precios de la vivienda y dificultar\u00e1 su acceso. El sindicato ha reivindicado medidas para frenar la subida constante de los precios y lograr rebajarlos como la ampliaci\u00f3n del parque p\u00fablico, el fomento del alquiler social y la declaraci\u00f3n del conjunto de la CAV como zona de mercado tensionado.\u00a0<\/strong><\/p>\n\n\n\n<p>A las puertas del verano el PNV y PSE anunciaron la necesidad de medidas urgentes para hacer frente al problema de la vivienda. LAB realiz\u00f3 una valoraci\u00f3n cr\u00edtica de estas medidas y concret\u00f3 varias propuestas. Al considerar que se una vez mas se trataba de ahondar en las pol\u00edticas err\u00f3neas que nos han tra\u00eddo a la situaci\u00f3n actual, el sindicato se moviliz\u00f3 entonces frente a Sabin Etxea y hoy Endika P\u00e9rez, responsable de Acci\u00f3n Social, ha tomado la palabra en la Comisi\u00f3n de Planificaci\u00f3n Territorial, Vivienda y Agenda Urbana y ha destacado tres mensajes principales.&nbsp;<\/p>\n\n\n\n<p>Por un lado, P\u00e9rez ha explicado que pueden estar de acuerdo en parte del diagnostico, pero no as\u00ed en la direcci\u00f3n de las medidas anunciadas. LAB considera innegable la necesidad de medidas estructurales y urgentes en el \u00e1mbito de la vivienda. La vivienda se ha convertido en una causa fundamental para el empobrecimiento de las y los trabajadores y as\u00ed, ha denunciado que se quiere dar respuesta a la situaci\u00f3n de emergencia que estamos viviendo iniciando un nuevo ciclo de construcci\u00f3n, que ahondar\u00e1 a\u00fan m\u00e1s el problema: \u00abPNV y PSE han preferido plantear pol\u00edticas para alimentar el mercado privado y medidas de cara a las empresas constructoras, antes que responder radicalmente al problema. Para bajar los precios se necesitan medidas inmediatas de ampliaci\u00f3n del parque p\u00fablico, pero el parque no se puede complementar s\u00f3lo con nuevas casas. Las medidas para movilizar lo que hay actualmente son absolutamente necesarias \u00ab.\u00a0<\/p>\n\n\n\n<p>El responsable de Acci\u00f3n Social tambi\u00e9n ha denunciado el falso discurso sobre la falta de oferta. \u00abHemos visto en diferentes momentos de las \u00faltimas d\u00e9cadas que construir m\u00e1s casas no hace que bajen los precios. Cada vez son m\u00e1s las f\u00f3rmulas que utilizan los fondos buitre, patronales inmobiliarias y rentistas para hacer negocio con la vivienda. Esto es inaceptable.\u201d<\/p>\n\n\n\n<p>Por lo tanto, el miembro de LAB ha se\u00f1alado que estamos viviendo la consecuencia directa de las pol\u00edticas p\u00fablicas realizadas hasta ahora y que desgraciadamente PNV y PSE quieren profundizar en las medidas contra los y las trabajadoras. \u00abAqu\u00ed los que reciben propinas y viven de las subvenciones son los bancos, las constructoras y la patronal inmobiliaria y es a lo que hay que poner fin. Hay que priorizar la funci\u00f3n social de viviendas y limitar la posibilidad de hacer negocio con ella. Ah\u00ed es donde hay que hacer el esfuerzo y ah\u00ed es donde hay que tomar medidas urgentes \u00ab<\/p>\n\n\n\n<p>En su intervenci\u00f3n ha puesto como ejemplo la l\u00ednea de avales puestos en marcha supuestamente para la emancipaci\u00f3n de los j\u00f3venes. Recuerda que LAB ha presentado alegaciones a esta l\u00ednea al considerar que vulnera la Ley de Vivienda de 2015. \u00abLa ley recoge que el dinero p\u00fablico debe destinarse al alquiler social o a la rehabilitaci\u00f3n de casas, y ahora el Departamento de Juventud destinar\u00e1 144 millones, de la mano del Instituto de Finanzas, a incentivar la compra\u00bb. La consecuencia ser\u00e1, seg\u00fan P\u00e9rez, que a quienes ya tienen la posibilidad de comprar su casa se les facilitar\u00e1 la posibilidad de hacerlo, mientras que quien m\u00e1s lo necesita seguir\u00e1 desprotegido.<\/p>\n\n\n\n<p>En tercer lugar, P\u00e9rez ha hecho hincapi\u00e9 en las propuestas realizadas por LAB. Ha reivindicado la necesidad de medidas para hacer frente a la emergencia de vivienda y al proceso de precarizaci\u00f3n y empobrecimiento que vive la clase trabajadora, poner freno a la constante subida de precios y lograr bajarlos. Para ello, LAB pide que se declare a toda la CAV como zona de mercado tensionado, as\u00ed como la publicaci\u00f3n inmediata del \u00edndice de precios. \u00abNo va a solucionar el problema, pero nos va a dar m\u00e1s herramientas\u00bb, ha se\u00f1alado. Asimismo, ha denunciado que el hecho de que 100.000 personas est\u00e9n inscritas en Etxebide y que el 85% reclame alquiler social deber\u00eda ser motivo suficiente para cumplir con lo que recoge la Ley de Vivienda.&nbsp;<\/p>\n\n\n\n<p>La administraci\u00f3n debe pasar de pagar el alquiler en el mercado privado a garantizar el derecho a la vivienda y posibilitar el acceso a la misma ofreciendo alquiler social, ha reivindicado, para lo que, en lugar de conceder beneficios fiscales a propietarios, bancos y rentistas, hay que ejercer m\u00e1s presi\u00f3n sobre los mismos: \u201cPorque si, hay viviendas. Necesitamos medidas para convertir casas secuestradas para hacer negocio en casas donde poder vivir de forma digna y permanente\u00bb, ha proclamado. \u00abSon las personas las que hay que poner en el centro, protegiendo y ampliando los derechos de las inquilinas para que nadie se quede en la calle. Cada semana conocemos las situaciones de personas obligadas por la fuerza a abandonar sus casas y este tipo de situaciones no podemos ni normalizarlas ni asumirlas\u00bb.<\/p>\n\n\n\n<p>Para finalizar, Endika P\u00e9rez ha reiterado el compromiso de LAB para hacer frente a la problem\u00e1tica de la vivienda: \u00abEl sindicato est\u00e1 interviniendo de forma directa en el conflicto que vivimos, a trav\u00e9s de la acci\u00f3n sindical, luchando por bajar los precios de los alquileres, haciendo frente a las consecuencias de la turistificaci\u00f3n y contra los desahucios.\u00bb As\u00ed, P\u00e9rez ha dicho que seguir\u00e1n trabajando para que el sindicato sea un instrumento para hacer frente a la problem\u00e1tica de la vivienda.&nbsp;<\/p>\n","protected":false},"excerpt":{"rendered":"<p>LAB advierte que la propuesta presentada por PNV y PSE har\u00e1 subir los precios de la vivienda y dificultar\u00e1 su acceso. El sindicato ha reivindicado medidas para frenar la subida constante de los precios y lograr rebajarlos como la ampliaci\u00f3n del parque p\u00fablico, el fomento del alquiler social y la declaraci\u00f3n del conjunto de la [&hellip;]<\/p>\n","protected":false},"author":1191,"featured_media":83086,"comment_status":"closed","ping_status":"closed","sticky":false,"template":"","format":"standard","meta":{"_monsterinsights_skip_tracking":false,"_monsterinsights_sitenote_active":false,"_monsterinsights_sitenote_note":"","_monsterinsights_sitenote_category":0,"footnotes":"","_links_to":"","_links_to_target":""},"categories":[2994],"tags":[3182,3178],"class_list":{"0":"post-83088","1":"post","2":"type-post","3":"status-publish","4":"format-standard","5":"has-post-thumbnail","7":"category-accion-social","8":"tag-accion-social-es","9":"tag-destacado-1"},"_links":{"self":[{"href":"https:\/\/www.lab.eus\/es\/wp-json\/wp\/v2\/posts\/83088","targetHints":{"allow":["GET"]}}],"collection":[{"href":"https:\/\/www.lab.eus\/es\/wp-json\/wp\/v2\/posts"}],"about":[{"href":"https:\/\/www.lab.eus\/es\/wp-json\/wp\/v2\/types\/post"}],"author":[{"embeddable":true,"href":"https:\/\/www.lab.eus\/es\/wp-json\/wp\/v2\/users\/1191"}],"replies":[{"embeddable":true,"href":"https:\/\/www.lab.eus\/es\/wp-json\/wp\/v2\/comments?post=83088"}],"version-history":[{"count":8,"href":"https:\/\/www.lab.eus\/es\/wp-json\/wp\/v2\/posts\/83088\/revisions"}],"predecessor-version":[{"id":83108,"href":"https:\/\/www.lab.eus\/es\/wp-json\/wp\/v2\/posts\/83088\/revisions\/83108"}],"wp:featuredmedia":[{"embeddable":true,"href":"https:\/\/www.lab.eus\/es\/wp-json\/wp\/v2\/media\/83086"}],"wp:attachment":[{"href":"https:\/\/www.lab.eus\/es\/wp-json\/wp\/v2\/media?parent=83088"}],"wp:term":[{"taxonomy":"category","embeddable":true,"href":"https:\/\/www.lab.eus\/es\/wp-json\/wp\/v2\/categories?post=83088"},{"taxonomy":"post_tag","embeddable":true,"href":"https:\/\/www.lab.eus\/es\/wp-json\/wp\/v2\/tags?post=83088"}],"curies":[{"name":"wp","href":"https:\/\/api.w.org\/{rel}","templated":true}]}}