{"id":83078,"date":"2025-09-10T08:40:43","date_gmt":"2025-09-10T08:40:43","guid":{"rendered":"https:\/\/www.lab.eus\/?p=83078"},"modified":"2025-09-10T08:40:45","modified_gmt":"2025-09-10T08:40:45","slug":"el-cierre-del-sepe-en-eibar-una-grave-muestra-del-abandono-de-lo-publico","status":"publish","type":"post","link":"https:\/\/www.lab.eus\/es\/el-cierre-del-sepe-en-eibar-una-grave-muestra-del-abandono-de-lo-publico\/","title":{"rendered":"El cierre del SEPE en Eibar: una grave muestra del abandono de lo p\u00fablico"},"content":{"rendered":"\n<p><strong>En los \u00faltimos meses, los habitantes de Eibar, municipio con una significativa poblaci\u00f3n e importancia en la comarca, han sido testigos de un acontecimiento alarmante y profundamente preocupante: el cierre del Servicio P\u00fablico de Empleo Estatal (SEPE) en su localidad. Este organismo, encargado de gestionar las pol\u00edticas de empleo, ofrecer prestaciones por desempleo y fomentar la formaci\u00f3n laboral, ha sido cerrado debido a la falta de recursos humanos, una situaci\u00f3n que plantea graves interrogantes sobre el compromiso del sistema p\u00fablico con los derechos sociales de la ciudadan\u00eda.<\/strong><\/p>\n\n\n\n<p>Este cierre no es un hecho aislado, sino que forma parte de una tendencia m\u00e1s amplia que viene gest\u00e1ndose en los \u00faltimos a\u00f1os: el desmantelamiento progresivo de lo p\u00fablico a favor de intereses privados. El SEPE en Eibar, que antes de su cierre brindaba apoyo a miles de personas en situaci\u00f3n de desempleo, se ha visto incapaz de ofrecer sus servicios por una deficiencia estructural en la dotaci\u00f3n de personal, algo que es, cuanto menos, inaceptable para un organismo estatal cuya funci\u00f3n es garantizar el bienestar de los ciudadanos en momentos de vulnerabilidad laboral.<\/p>\n\n\n\n<p>Lo que est\u00e1 ocurriendo en Eibar no es un simple \u201cajuste\u201d administrativo. Es el reflejo de una negligencia institucional grave, en la que el abandono de lo p\u00fablico por parte de las administraciones local, auton\u00f3mica y estatal ha dejado a los ciudadanos en un estado de indefensi\u00f3n. El SEPE, en su rol de garantizar derechos fundamentales como el acceso a prestaciones por desempleo, deber\u00eda contar con los recursos humanos y materiales suficientes para atender a todos los ciudadanos, independientemente de la zona en la que residan.<\/p>\n\n\n\n<p>El cierre de este servicio p\u00fablico en una ciudad como Eibar, que adem\u00e1s es un n\u00facleo industrial y tiene un alto nivel de desempleo, es una se\u00f1al clara de que la Administraci\u00f3n no est\u00e1 asumiendo su responsabilidad con la ciudadan\u00eda. Es especialmente grave que esto ocurra en un contexto en el que las pol\u00edticas p\u00fablicas de empleo est\u00e1n cada vez m\u00e1s centradas en la externalizaci\u00f3n de servicios y la colaboraci\u00f3n con empresas privadas.<\/p>\n\n\n\n<p>Mientras el Estado, la Comunidad Aut\u00f3noma Vasca y los partidos pol\u00edticos que lo conforman parecen dar la espalda a lo p\u00fablico, las grandes corporaciones del sector privado se benefician de unos recursos que deber\u00edan estar destinados a fortalecer lo colectivo y lo social. Este proceso de privatizaci\u00f3n, en detrimento de lo p\u00fablico y en favor de la precariedad laboral, est\u00e1 llevando a la desprotecci\u00f3n de los ciudadanos m\u00e1s vulnerables, aquellos que dependen de los servicios estatales para acceder a derechos fundamentales como el empleo y la seguridad social.<\/p>\n\n\n\n<p>El desmantelamiento de las instituciones p\u00fablicas no es solo una cuesti\u00f3n econ\u00f3mica, sino tambi\u00e9n \u00e9tica y pol\u00edtica. Al reducir la presencia del Estado en sectores clave como el empleo, la educaci\u00f3n o la sanidad, se va creando un caldo de cultivo que favorece a los intereses privados, a la vez que debilita el tejido social y la cohesi\u00f3n de la sociedad. El cierre del SEPE en Eibar no es solo un problema local, sino un s\u00edntoma de una tendencia que se extiende por todo nuestro pa\u00eds, Euskal Herria, y por todo el Estado espa\u00f1ol, y que est\u00e1 debilitando el sistema de bienestar de manera preocupante.<\/p>\n\n\n\n<p>En este contexto, es imprescindible exigir un compromiso real y efectivo de las administraciones con el fortalecimiento de lo p\u00fablico. Las instituciones deben garantizar los derechos de los ciudadanos a trav\u00e9s de pol\u00edticas que promuevan la igualdad de oportunidades, el acceso al empleo digno y la protecci\u00f3n social. Es necesario que tanto el Gobierno Vasco como el Estado espa\u00f1ol reviertan la decisi\u00f3n de cerrar el SEPE en Eibar y doten a los servicios p\u00fablicos de los recursos que necesitan para funcionar con eficacia y responsabilidad. El futuro de la democracia y del bienestar social pasa por la defensa y el fortalecimiento de lo p\u00fablico. No podemos permitir que el desmantelamiento de nuestras instituciones termine favoreciendo solo a unos pocos. Es el momento de exigir un cambio en las prioridades del gobierno, para que lo p\u00fablico vuelva a ser lo primero y se deje de lado la tendencia a privatizar lo que deber\u00eda ser un derecho para todos.<\/p>\n","protected":false},"excerpt":{"rendered":"<p>En los \u00faltimos meses, los habitantes de Eibar, municipio con una significativa poblaci\u00f3n e importancia en la comarca, han sido testigos de un acontecimiento alarmante y profundamente preocupante: el cierre del Servicio P\u00fablico de Empleo Estatal (SEPE) en su localidad. Este organismo, encargado de gestionar las pol\u00edticas de empleo, ofrecer prestaciones por desempleo y fomentar [&hellip;]<\/p>\n","protected":false},"author":1191,"featured_media":83082,"comment_status":"closed","ping_status":"closed","sticky":false,"template":"","format":"standard","meta":{"_monsterinsights_skip_tracking":false,"_monsterinsights_sitenote_active":false,"_monsterinsights_sitenote_note":"","_monsterinsights_sitenote_category":0,"footnotes":"","_links_to":"","_links_to_target":""},"categories":[18],"tags":[3033,3178],"class_list":{"0":"post-83078","1":"post","2":"type-post","3":"status-publish","4":"format-standard","5":"has-post-thumbnail","7":"category-es-accion-sindical","8":"tag-accion-sindical-es","9":"tag-destacado-1"},"_links":{"self":[{"href":"https:\/\/www.lab.eus\/es\/wp-json\/wp\/v2\/posts\/83078","targetHints":{"allow":["GET"]}}],"collection":[{"href":"https:\/\/www.lab.eus\/es\/wp-json\/wp\/v2\/posts"}],"about":[{"href":"https:\/\/www.lab.eus\/es\/wp-json\/wp\/v2\/types\/post"}],"author":[{"embeddable":true,"href":"https:\/\/www.lab.eus\/es\/wp-json\/wp\/v2\/users\/1191"}],"replies":[{"embeddable":true,"href":"https:\/\/www.lab.eus\/es\/wp-json\/wp\/v2\/comments?post=83078"}],"version-history":[{"count":1,"href":"https:\/\/www.lab.eus\/es\/wp-json\/wp\/v2\/posts\/83078\/revisions"}],"predecessor-version":[{"id":83079,"href":"https:\/\/www.lab.eus\/es\/wp-json\/wp\/v2\/posts\/83078\/revisions\/83079"}],"wp:featuredmedia":[{"embeddable":true,"href":"https:\/\/www.lab.eus\/es\/wp-json\/wp\/v2\/media\/83082"}],"wp:attachment":[{"href":"https:\/\/www.lab.eus\/es\/wp-json\/wp\/v2\/media?parent=83078"}],"wp:term":[{"taxonomy":"category","embeddable":true,"href":"https:\/\/www.lab.eus\/es\/wp-json\/wp\/v2\/categories?post=83078"},{"taxonomy":"post_tag","embeddable":true,"href":"https:\/\/www.lab.eus\/es\/wp-json\/wp\/v2\/tags?post=83078"}],"curies":[{"name":"wp","href":"https:\/\/api.w.org\/{rel}","templated":true}]}}