{"id":83034,"date":"2025-09-09T13:51:38","date_gmt":"2025-09-09T13:51:38","guid":{"rendered":"https:\/\/www.lab.eus\/?p=83034"},"modified":"2025-09-09T13:51:41","modified_gmt":"2025-09-09T13:51:41","slug":"la-empresa-maderas-de-llodio-pretende-despedir-a-39-personas","status":"publish","type":"post","link":"https:\/\/www.lab.eus\/es\/la-empresa-maderas-de-llodio-pretende-despedir-a-39-personas\/","title":{"rendered":"La empresa Maderas de Llodio pretende despedir a 39 personas"},"content":{"rendered":"\n<p><strong>Comunicado del Comit\u00e9 de Empresa de Maderas de Llodio <\/strong><\/p>\n\n\n\n<p>Desde el Comit\u00e9 de Empresa de Maderas de Llodio, perteneciente al Grupo Garnica, queremos informar que en el d\u00eda de hoy se ha celebrado la primera reuni\u00f3n del periodo de consultas, en la cual la empresa ha entregado la documentaci\u00f3n en la que, por causas productivas y organizativas, pretende despedir a 39 personas, al querer llevarse parte de la producci\u00f3n a otras plantas del grupo. <\/p>\n\n\n\n<p>Ahora debemos analizar en detalle toda la documentaci\u00f3n presentada por la empresa. En esta misma reuni\u00f3n, al igual que ya manifestamos y solicitamos por escrito a la empresa la semana pasada, hemos vuelto a exigir a la direcci\u00f3n que retire la decisi\u00f3n de plantear despidos despidos colectivos y otras medidas de similar gravedad. <\/p>\n\n\n\n<p>Tras la asamblea de trabajadores y trabajadoras celebrada ayer, la decisi\u00f3n del Comit\u00e9 y de la plantilla es un\u00e1nime: en Maderas de Llodio no sobra nadie. Nuestra reivindicaci\u00f3n es clara: no permitiremos que se destruya ning\u00fan puesto de trabajo ni que se precaricen nuestras condiciones laborales. <\/p>\n\n\n\n<p>Hemos trasladado a la empresa que nuestro \u00fanico objetivo es retomar la negociaci\u00f3n del convenio colectivo, pero \u00fanicamente una vez que se retire esta decisi\u00f3n que supone un grave perjuicio para toda la plantilla. <\/p>\n\n\n\n<p>Por ello, si la direcci\u00f3n persiste en su intenci\u00f3n de destruir empleo y recortar condiciones de trabajo, la semana que viene hemos convocado dos d\u00edas de huelga: el 16 y el 18 de septiembre. Si la empresa no retira los despidos, seguiremos adelante con m\u00e1s movilizaciones y huelgas y todas las medidas necesarias hasta lograr que se d\u00e9 marcha atr\u00e1s en esta decisi\u00f3n unilateral. <\/p>\n\n\n\n<p>Volvemos a repetirlo: en Maderas de Llodio no sobra nadie. Estamos todas y todos unidos en esta lucha y nos mantendremos firmes hasta que la empresa retire de la mesa esta decisi\u00f3n injusta y da\u00f1ina. <\/p>\n\n\n\n<p>DESPIDOS NO!<\/p>\n","protected":false},"excerpt":{"rendered":"<p>Comunicado del Comit\u00e9 de Empresa de Maderas de Llodio Desde el Comit\u00e9 de Empresa de Maderas de Llodio, perteneciente al Grupo Garnica, queremos informar que en el d\u00eda de hoy se ha celebrado la primera reuni\u00f3n del periodo de consultas, en la cual la empresa ha entregado la documentaci\u00f3n en la que, por causas productivas [&hellip;]<\/p>\n","protected":false},"author":1191,"featured_media":83032,"comment_status":"closed","ping_status":"closed","sticky":false,"template":"","format":"standard","meta":{"_monsterinsights_skip_tracking":false,"_monsterinsights_sitenote_active":false,"_monsterinsights_sitenote_note":"","_monsterinsights_sitenote_category":0,"footnotes":"","_links_to":"","_links_to_target":""},"categories":[18,90,2868],"tags":[3033,3178,2996],"class_list":{"0":"post-83034","1":"post","2":"type-post","3":"status-publish","4":"format-standard","5":"has-post-thumbnail","7":"category-es-accion-sindical","8":"category-es-industia-de-la-madera","9":"category-industria-es","10":"tag-accion-sindical-es","11":"tag-destacado-1","12":"tag-industria-es"},"_links":{"self":[{"href":"https:\/\/www.lab.eus\/es\/wp-json\/wp\/v2\/posts\/83034","targetHints":{"allow":["GET"]}}],"collection":[{"href":"https:\/\/www.lab.eus\/es\/wp-json\/wp\/v2\/posts"}],"about":[{"href":"https:\/\/www.lab.eus\/es\/wp-json\/wp\/v2\/types\/post"}],"author":[{"embeddable":true,"href":"https:\/\/www.lab.eus\/es\/wp-json\/wp\/v2\/users\/1191"}],"replies":[{"embeddable":true,"href":"https:\/\/www.lab.eus\/es\/wp-json\/wp\/v2\/comments?post=83034"}],"version-history":[{"count":1,"href":"https:\/\/www.lab.eus\/es\/wp-json\/wp\/v2\/posts\/83034\/revisions"}],"predecessor-version":[{"id":83035,"href":"https:\/\/www.lab.eus\/es\/wp-json\/wp\/v2\/posts\/83034\/revisions\/83035"}],"wp:featuredmedia":[{"embeddable":true,"href":"https:\/\/www.lab.eus\/es\/wp-json\/wp\/v2\/media\/83032"}],"wp:attachment":[{"href":"https:\/\/www.lab.eus\/es\/wp-json\/wp\/v2\/media?parent=83034"}],"wp:term":[{"taxonomy":"category","embeddable":true,"href":"https:\/\/www.lab.eus\/es\/wp-json\/wp\/v2\/categories?post=83034"},{"taxonomy":"post_tag","embeddable":true,"href":"https:\/\/www.lab.eus\/es\/wp-json\/wp\/v2\/tags?post=83034"}],"curies":[{"name":"wp","href":"https:\/\/api.w.org\/{rel}","templated":true}]}}