{"id":83007,"date":"2025-09-08T15:29:32","date_gmt":"2025-09-08T15:29:32","guid":{"rendered":"https:\/\/www.lab.eus\/?p=83007"},"modified":"2025-09-08T15:29:36","modified_gmt":"2025-09-08T15:29:36","slug":"lab-denuncia-que-el-departamento-de-educacion-sigue-sin-cumplir-en-su-totalidad-los-acuerdos-y-que-ha-puesto-en-marcha-una-mesa-de-segregacion-con-una-metodologia-difusa","status":"publish","type":"post","link":"https:\/\/www.lab.eus\/es\/lab-denuncia-que-el-departamento-de-educacion-sigue-sin-cumplir-en-su-totalidad-los-acuerdos-y-que-ha-puesto-en-marcha-una-mesa-de-segregacion-con-una-metodologia-difusa\/","title":{"rendered":"LAB denuncia que el Departamento de Educaci\u00f3n sigue sin cumplir en su totalidad los acuerdos y que ha puesto en marcha una mesa de segregaci\u00f3n con una metodolog\u00eda difusa"},"content":{"rendered":"\n<p><strong>LAB ha conseguido hoy 63 plazas m\u00e1s en Haurreskolak y 15 en cocina y limpieza, en consecuencia de la lucha y denunciar judicialmente los acuerdos que firm\u00f3.<\/strong><\/p>\n\n\n\n<p>Hoy, la Consejera Pedrosa ha inaugurado junto al Lehendakari Pradales el curso escolar en el IES Etxebarri. El sindicato LAB ha estado presente para recordar a la Consejera de Educaci\u00f3n del Gobierno Vasco que no aprovech\u00f3 el curso anterior para planificar los recursos procedentes de los nuevos convenios, ni para acordar los temas que quedaron pendientes de negociaci\u00f3n.<\/p>\n\n\n\n<p>LAB logr\u00f3 el pasado curso, despu\u00e9s de m\u00e1s de 15 a\u00f1os, renovar los convenios de los cuatro colectivos que ejercen en el \u00e1mbito p\u00fablico, mejorando as\u00ed las condiciones laborales de m\u00e1s de 30.000 trabajadoras y trabajadores. El sindicato ha recordado que LAB, siendo la primera fuerza, fue determinante, ya que las medidas acordadas en el acuerdo laboral firmado en junio de 2023 se trasladaron a las mesas de negociaci\u00f3n de los diferentes \u00e1mbitos. Y que los cuatro convenios se firmaron gracias a las movilizaciones y huelgas que impuls\u00f3.<\/p>\n\n\n\n<p>El sindicato ha recordado que, teniendo como objetivo que la escuela p\u00fablica sea el eje, en los convenios firmados han sido claves la mejora de las condiciones de trabajo y la dotaci\u00f3n de recursos de todo el personal, incidiendo directamente en la calidad educativa<\/p>\n\n\n\n<p>No obstante, el sindicato ha se\u00f1alado que el Departamento de Educaci\u00f3n debe cumplir en su integridad los acuerdos firmados, ya que a\u00fan el tema de los recursos personales est\u00e1 por desarrollar y consensuar en el Consorcio Haurreskolak y en los colectivos de educadores de Educaci\u00f3n Especial.<\/p>\n\n\n\n<p>Adem\u00e1s, a\u00fan no se ha realizado el c\u00e1lculo de los nuevos puestos de trabajo necesarios tras la bajada de ratios, metrajes y jornada en cocina y limpieza y la determinaci\u00f3n de la jornada y ratios de educadores en el Consorcio Haurreskolak.&nbsp;<\/p>\n\n\n\n<p>En ambos colectivos hay que a\u00f1adir que hoy LAB ha conseguido que el departamento de educaci\u00f3n cumpla los acuerdos firmados en noviembre de 2023 y marzo de 2024, respectivamente. El departamento deber\u00e1 crear 15 nuevos puestos de trabajo en cocina y limpieza en septiembre y los 63 firmados en el Consorcio Haurreskolak, antes de octubre. LAB afirma que ten\u00eda iniciada la v\u00eda judicial por este incumplimiento.&nbsp;<\/p>\n\n\n\n<p>Por otra parte, LAB ha denunciado que, a pesar de que en el colectivo docente se acordaron los criterios para la adjudicaci\u00f3n de la plantilla, no se han creado todas las plazas necesarias como consecuencia de la aplicaci\u00f3n de criterios decididos unilateralmente por el Departamento de Educaci\u00f3n. De hecho, no se han creado puestos de trabajo que se deber\u00edan de generar como consecuencia de la hora lectiva directa que se ha reducido al profesorado en todas las etapas. Asimismo, en secundaria, las horas utilizadas en el programa en el que participan algunos centros para las ayudas al alumnado con m\u00e1s dificultades en\u00a0el proceso de aprendizaje (Hedatze) no se han recogido dentro de las 17 horas lectivas m\u00e1ximas del profesorado.<\/p>\n\n\n\n<p>Asimismo, LAB ha calificado de ca\u00f3ticos los procesos de adjudicaci\u00f3n de personal que se han llevado a cabo a principio de curso. Cada a\u00f1o miles de trabajadoras y trabajadores est\u00e1n sometidos a procesos llenos de errores, problemas inform\u00e1ticos y carencias que no se solucionan. El sindicato le pide al departamento que resuelva tambi\u00e9n este tema.<\/p>\n\n\n\n<p>Adem\u00e1s, el Departamento ha aprovechado el inicio de curso para poner en marcha la mesa del pacto contra la segregaci\u00f3n. Aunque en la misma se han explicado los pormenores de la mesa, se ha presentado una metodolog\u00eda difusa e indeterminada, que a juicio de LAB es la misma que ha utilizado el gobierno en la Mesa de Salud; es decir, que va variando a su antojo en funci\u00f3n de sus intereses. As\u00ed, LAB ha pedido concreciones y ha preguntado qui\u00e9n y c\u00f3mo se tomar\u00e1n las decisiones, ya que combatir la segregaci\u00f3n no es una cuesti\u00f3n de voluntades, sino de decisiones pol\u00edticas. LAB dice que hay que cambiar varios decretos y normativas en cuanto a los contenidos y pide tambi\u00e9n medidas para reforzar la escuela p\u00fablica.<\/p>\n\n\n\n<p>Por lo tanto, en este inicio de curso LAB hace dos exigencias a la Consejera de Educaci\u00f3n. Por un lado, LAB le exige que cumpla lo acordado y aborde las cuestiones pendientes de negociaci\u00f3n. Y por otro lado, adoptar medidas contra la segregaci\u00f3n y consensuarlas con los representantes de los y las trabajadoras. Asimismo, el sindicato se\u00f1ala que los acuerdos alcanzados fueron gracias a la lucha, y que gracias a ello se han logrado medidas que mejorar\u00e1n la calidad educativa. No obstante, ha se\u00f1alado que seguir\u00e1 luchando para lograr medidas estructurales que hagan cumplir y desarrollar lo recogido en estos convenios y hacer frente a la segregaci\u00f3n.<\/p>\n\n\n\n<p>Gracias a los acuerdos alcanzados en los \u00faltimos a\u00f1os, se ha reforzado la educaci\u00f3n p\u00fablica y se han dado pasos firmes en el camino de la Escuela P\u00fablica Vasca Comunitaria, en la que LAB seguir\u00e1 trabajando.&nbsp;<\/p>\n","protected":false},"excerpt":{"rendered":"<p>LAB ha conseguido hoy 63 plazas m\u00e1s en Haurreskolak y 15 en cocina y limpieza, en consecuencia de la lucha y denunciar judicialmente los acuerdos que firm\u00f3. Hoy, la Consejera Pedrosa ha inaugurado junto al Lehendakari Pradales el curso escolar en el IES Etxebarri. El sindicato LAB ha estado presente para recordar a la Consejera [&hellip;]<\/p>\n","protected":false},"author":1191,"featured_media":83005,"comment_status":"closed","ping_status":"closed","sticky":false,"template":"","format":"standard","meta":{"_monsterinsights_skip_tracking":false,"_monsterinsights_sitenote_active":false,"_monsterinsights_sitenote_note":"","_monsterinsights_sitenote_category":0,"footnotes":"","_links_to":"","_links_to_target":""},"categories":[18,2990,33,6],"tags":[3033,3178,3266,3194,3171],"class_list":{"0":"post-83007","1":"post","2":"type-post","3":"status-publish","4":"format-standard","5":"has-post-thumbnail","7":"category-es-accion-sindical","8":"category-educacion","9":"category-es-ensenanza","10":"category-es-servicios-publicos","11":"tag-accion-sindical-es","12":"tag-destacado-1","13":"tag-educacion-es","14":"tag-ensenanza-es","15":"tag-servicios-publicos-es"},"_links":{"self":[{"href":"https:\/\/www.lab.eus\/es\/wp-json\/wp\/v2\/posts\/83007","targetHints":{"allow":["GET"]}}],"collection":[{"href":"https:\/\/www.lab.eus\/es\/wp-json\/wp\/v2\/posts"}],"about":[{"href":"https:\/\/www.lab.eus\/es\/wp-json\/wp\/v2\/types\/post"}],"author":[{"embeddable":true,"href":"https:\/\/www.lab.eus\/es\/wp-json\/wp\/v2\/users\/1191"}],"replies":[{"embeddable":true,"href":"https:\/\/www.lab.eus\/es\/wp-json\/wp\/v2\/comments?post=83007"}],"version-history":[{"count":1,"href":"https:\/\/www.lab.eus\/es\/wp-json\/wp\/v2\/posts\/83007\/revisions"}],"predecessor-version":[{"id":83008,"href":"https:\/\/www.lab.eus\/es\/wp-json\/wp\/v2\/posts\/83007\/revisions\/83008"}],"wp:featuredmedia":[{"embeddable":true,"href":"https:\/\/www.lab.eus\/es\/wp-json\/wp\/v2\/media\/83005"}],"wp:attachment":[{"href":"https:\/\/www.lab.eus\/es\/wp-json\/wp\/v2\/media?parent=83007"}],"wp:term":[{"taxonomy":"category","embeddable":true,"href":"https:\/\/www.lab.eus\/es\/wp-json\/wp\/v2\/categories?post=83007"},{"taxonomy":"post_tag","embeddable":true,"href":"https:\/\/www.lab.eus\/es\/wp-json\/wp\/v2\/tags?post=83007"}],"curies":[{"name":"wp","href":"https:\/\/api.w.org\/{rel}","templated":true}]}}