{"id":82964,"date":"2025-09-08T08:21:54","date_gmt":"2025-09-08T08:21:54","guid":{"rendered":"https:\/\/www.lab.eus\/?p=82964"},"modified":"2025-09-08T08:21:57","modified_gmt":"2025-09-08T08:21:57","slug":"agresiones-en-betion-mientras-la-empresa-y-el-gobierno-vasco-miran-para-otro-lado","status":"publish","type":"post","link":"https:\/\/www.lab.eus\/es\/agresiones-en-betion-mientras-la-empresa-y-el-gobierno-vasco-miran-para-otro-lado\/","title":{"rendered":"Agresiones en BetiON mientras la empresa y el Gobierno Vasco miran para otro lado"},"content":{"rendered":"\n<p><strong>En tan solo dos meses, tres trabajadoras del servicio de Teleasistencia BetiON, han sufrido diferentes agresiones por parte de personas usuarias y\/o personas ajenas al servicio. Mientras tanto, la empresa no ha activado ning\u00fan protocolo de emergencia, dejando a las v\u00edctimas en total desamparo y desprotecci\u00f3n, permitiendo tanto la empresa como el titular del servicio (Gobierno Vasco) que los agresores no hayan sido dados de baja del servicio, con el consiguiente y repetido riesgo que ello supone para cualquier profesional que acuda a estos domicilios.<\/strong><\/p>\n\n\n\n<p>Las trabajadoras sienten un total abandono por parte de la empresa, ya que no se realiza ning\u00fan tipo de seguimiento de los casos mencionados ni se interviene con medidas para que esto no vuelva a suceder.<\/p>\n\n\n\n<p>Cabe decir, que por parte de la empresa no hay ning\u00fan plan formativo que ayude a las personas trabajadoras a saber como abordar este tipo de situaciones y dejan todo a la improvisaci\u00f3n de las trabajadores y trabajadores que se encuentran en ese momento en su turno de trabajo.<\/p>\n\n\n\n<p>La \u00fanica aportaci\u00f3n por parte de la empresa ha sido a\u00f1adir una instrucci\u00f3n t\u00e9cnica ya existente (que no soluciona nada en dos de las agresiones sufridas), asesoramiento jur\u00eddico y ayuda psicol\u00f3gica mediante via telef\u00f3nica que creemos totalmente insuficiente ante estos casos que denunciamos.<\/p>\n\n\n\n<p>Sin querer entrar en alarmismos, no podemos obviar la posibilidad de que cualquier d\u00eda podamos sufrir un desenlace peor. Ante las situaciones de riesgo como las vividas: golpes en veh\u00edculos personales, insultos machistas, acosos, puertas de viviendas cerradas con llave para no dejar salir a la trabajadora y un largo etc., todas ellas consideradas agresiones graves que han llevado a la intervenci\u00f3n policial en varios casos.<\/p>\n\n\n\n<p>Por todo esto, la plantilla del servicio p\u00fablico de Teleasistencia del Gobierno Vasco sentimos una gran desprotrcci\u00f3n por parte de la empresa y el titular, ante este tipo de situaciones.&nbsp;<\/p>\n\n\n\n<p>A todo esto, tenemos que sumar que la empresa contin\u00faa incumpliendo el convenio. Un ejemplo de ello es la expulsi\u00f3n de la bolsa de trabajo a una trabajadora. Un acto represivo del que hay constancia y denuncia interpuesta por parte de la trabajadora, con juicio fechado para el 6 de octubre, donde se dictar\u00e1 sentencia.<\/p>\n\n\n\n<p>Desde el comit\u00e9 se propondr\u00e1 una convocatoria a huelga para ese d\u00eda. Exigimos a la empresa y al Gobierno Vasco que dejen de jugar con nuestra salud y nuestra dignidad. Sin protecci\u00f3n, sin derechos y sin respeto no hay cuidados.<\/p>\n\n\n\n<p>Por todo ello, ante las agresiones y la vulneraci\u00f3n de derechos laborales, el comit\u00e9 intercentros convoca a la plantilla, a los medios de comunicaci\u00f3n y a la sociedad a una concentraci\u00f3n el pr\u00f3ximo 9 de septiembre a las 10\u201930 horas, frente a las instalaciones de BetiON (calle Arag\u00f3n 2). All\u00ed denunciaremos p\u00fablicamente la falta de seguridad, y el abandono a las v\u00edctimas por parte de la empresa y Gobierno Vasco.&nbsp;<\/p>\n","protected":false},"excerpt":{"rendered":"<p>En tan solo dos meses, tres trabajadoras del servicio de Teleasistencia BetiON, han sufrido diferentes agresiones por parte de personas usuarias y\/o personas ajenas al servicio. Mientras tanto, la empresa no ha activado ning\u00fan protocolo de emergencia, dejando a las v\u00edctimas en total desamparo y desprotecci\u00f3n, permitiendo tanto la empresa como el titular del servicio [&hellip;]<\/p>\n","protected":false},"author":1191,"featured_media":82961,"comment_status":"closed","ping_status":"closed","sticky":false,"template":"","format":"standard","meta":{"_monsterinsights_skip_tracking":false,"_monsterinsights_sitenote_active":false,"_monsterinsights_sitenote_note":"","_monsterinsights_sitenote_category":0,"footnotes":"","_links_to":"","_links_to_target":""},"categories":[18,3000,6],"tags":[3033,3178,3171],"class_list":{"0":"post-82964","1":"post","2":"type-post","3":"status-publish","4":"format-standard","5":"has-post-thumbnail","7":"category-es-accion-sindical","8":"category-servicio-sociocomunitario","9":"category-es-servicios-publicos","10":"tag-accion-sindical-es","11":"tag-destacado-1","12":"tag-servicios-publicos-es"},"_links":{"self":[{"href":"https:\/\/www.lab.eus\/es\/wp-json\/wp\/v2\/posts\/82964","targetHints":{"allow":["GET"]}}],"collection":[{"href":"https:\/\/www.lab.eus\/es\/wp-json\/wp\/v2\/posts"}],"about":[{"href":"https:\/\/www.lab.eus\/es\/wp-json\/wp\/v2\/types\/post"}],"author":[{"embeddable":true,"href":"https:\/\/www.lab.eus\/es\/wp-json\/wp\/v2\/users\/1191"}],"replies":[{"embeddable":true,"href":"https:\/\/www.lab.eus\/es\/wp-json\/wp\/v2\/comments?post=82964"}],"version-history":[{"count":1,"href":"https:\/\/www.lab.eus\/es\/wp-json\/wp\/v2\/posts\/82964\/revisions"}],"predecessor-version":[{"id":82965,"href":"https:\/\/www.lab.eus\/es\/wp-json\/wp\/v2\/posts\/82964\/revisions\/82965"}],"wp:featuredmedia":[{"embeddable":true,"href":"https:\/\/www.lab.eus\/es\/wp-json\/wp\/v2\/media\/82961"}],"wp:attachment":[{"href":"https:\/\/www.lab.eus\/es\/wp-json\/wp\/v2\/media?parent=82964"}],"wp:term":[{"taxonomy":"category","embeddable":true,"href":"https:\/\/www.lab.eus\/es\/wp-json\/wp\/v2\/categories?post=82964"},{"taxonomy":"post_tag","embeddable":true,"href":"https:\/\/www.lab.eus\/es\/wp-json\/wp\/v2\/tags?post=82964"}],"curies":[{"name":"wp","href":"https:\/\/api.w.org\/{rel}","templated":true}]}}