{"id":82952,"date":"2025-09-08T08:31:31","date_gmt":"2025-09-08T08:31:31","guid":{"rendered":"https:\/\/www.lab.eus\/?p=82952"},"modified":"2025-09-08T08:31:34","modified_gmt":"2025-09-08T08:31:34","slug":"lab-a-favor-de-la-compania-jaizkibel-y-un-alarde-municipal-publico-y-feminista","status":"publish","type":"post","link":"https:\/\/www.lab.eus\/es\/lab-a-favor-de-la-compania-jaizkibel-y-un-alarde-municipal-publico-y-feminista\/","title":{"rendered":"LAB, a favor de la compa\u00f1\u00eda Jaizkibel y un alarde municipal, p\u00fablico y feminista"},"content":{"rendered":"\n<p>Han pasado veintinueve a\u00f1os desde que un grupo de mujeres* intent\u00f3 incorporarse en el Alarde de Hondarribia. Su objetivo: participar como mujeres hondarribiarras en el alarde de su pueblo; poder desfilar tambi\u00e9n de forma activa en las fiestas.<\/p>\n\n\n\n<p>Aquella acci\u00f3n supuso un paso m\u00e1s en la lucha feminista por los derechos de las mujeres. Porque hay que decirlo alto y claro: sin la participaci\u00f3n libre de las mujeres, las fiestas no son ni igualitarias, ni libres. Las calles tambi\u00e9n son de las mujeres, por eso reivindicamos el derecho pleno de las mujeres* a ser y moverse libremente, tanto en el d\u00eda a d\u00eda como en las fiestas.<\/p>\n\n\n\n<p>Durante veintinueve a\u00f1os hemos conocido la negaci\u00f3n, el conflicto, la violencia, el insulto y la negaci\u00f3n pol\u00edtica, y todav\u00eda hoy no se ha realizado ninguna iniciativa clara desde la alcald\u00eda de Hondarribia que nos encamine hacia una soluci\u00f3n. Adem\u00e1s, el Alarde excluyente as\u00ed como los partidos pol\u00edticos y poderes que lo apoyan, act\u00faan a\u00f1o tras a\u00f1o en contra de la participaci\u00f3n normalizada de las mujeres en el espacio p\u00fablico y pol\u00edtico. La ausencia de una intervenci\u00f3n clara es, en s\u00ed misma, sin\u00f3nimo de la opresi\u00f3n de las mujeres* y, por tanto, la perpetuaci\u00f3n de la opresi\u00f3n de clase. Sin embargo, gracias a las mujeres* que han luchado durante todos estos a\u00f1os, se han generado oportunidades para el cambio.<\/p>\n\n\n\n<p>Tras las elecciones municipales y forales de 2023, en el pueblo que ha sido el basti\u00f3n de EAJ-PNV, se abrieron las posibilidades de cambio. Sin embargo, a pesar de los peque\u00f1os gestos en el camino hacia una posible normalidad, al igual que en las fiestas que hemos vivido desde 2023, en esta edici\u00f3n la alcald\u00eda ha vuelto a poner de manifiesto que el movimiento feminista sigue siendo hoy el \u00fanico y principal s\u00edmbolo y agente de transformaci\u00f3n. En este sentido, LAB hace suyas las declaraciones realizadas por la Compa\u00f1\u00eda Jaizkibel, es decir, \u201ccogiendo la bandera de la convivencia, y olvidando que el problema, en el fondo, es una cuesti\u00f3n de discriminaci\u00f3n, el Ayuntamiento ha querido tratar a los dos grupos de la misma manera. Y no se pueden tratar de la misma manera a los que est\u00e1n en defensa de un derecho y a los que lo niegan\u201d.<\/p>\n\n\n\n<p>LAB quiere hacer una petici\u00f3n concreta: es necesario reconstruir el camino para que el Ayuntamiento organice el Alarde, y al mismo tiempo, dotarlo de los recursos necesarios para que sea feminista.<\/p>\n\n\n\n<p>Desde las instituciones se llenan la boca diciendo que promueven pol\u00edticas de igualdad, mientras que frente a pr\u00e1cticas tan excluyentes no existe ning\u00fan compromiso pol\u00edtico para enfrentar esta situaci\u00f3n y darle la vuelta.<\/p>\n\n\n\n<p>Queremos hacer llegar nuestro m\u00e1s sincero agradecimiento a todas las personas que, en estos tiempos convulsos, est\u00e1n organizando y luchando por un Alarde municipal, p\u00fablico y feminista y, en especial, a todas las personas creadoras, impulsoras y todas aquellas personas incansables que est\u00e1n comprometidas con la Compa\u00f1\u00eda Jaizkibel. \u00a1No estamos dispuestas a aceptar discriminaciones en el trabajo, en casa, en las calles, en las fiestas ni tampoco en el Alarde!<\/p>\n\n\n\n<p>Gora Jaizkibel Konpainia!!<\/p>\n\n\n\n<p>Gora borroka feminista!!<\/p>\n","protected":false},"excerpt":{"rendered":"<p>LAB quiere hacer una petici\u00f3n concreta: es necesario reconstruir el camino para que el Ayuntamiento organice el Alarde, y al mismo tiempo, dotarlo de los recursos necesarios para que sea feminista.<\/p>\n","protected":false},"author":1191,"featured_media":82972,"comment_status":"closed","ping_status":"closed","sticky":false,"template":"","format":"standard","meta":{"_monsterinsights_skip_tracking":false,"_monsterinsights_sitenote_active":false,"_monsterinsights_sitenote_note":"","_monsterinsights_sitenote_category":0,"footnotes":"","_links_to":"","_links_to_target":""},"categories":[3402,3301,3281,2973],"tags":[3178],"class_list":{"0":"post-82952","1":"post","2":"type-post","3":"status-publish","4":"format-standard","5":"has-post-thumbnail","7":"category-accion-politica","8":"category-euskal-herria-es-2","9":"category-secretaria-feminista","10":"category-secretarias","11":"tag-destacado-1"},"_links":{"self":[{"href":"https:\/\/www.lab.eus\/es\/wp-json\/wp\/v2\/posts\/82952","targetHints":{"allow":["GET"]}}],"collection":[{"href":"https:\/\/www.lab.eus\/es\/wp-json\/wp\/v2\/posts"}],"about":[{"href":"https:\/\/www.lab.eus\/es\/wp-json\/wp\/v2\/types\/post"}],"author":[{"embeddable":true,"href":"https:\/\/www.lab.eus\/es\/wp-json\/wp\/v2\/users\/1191"}],"replies":[{"embeddable":true,"href":"https:\/\/www.lab.eus\/es\/wp-json\/wp\/v2\/comments?post=82952"}],"version-history":[{"count":2,"href":"https:\/\/www.lab.eus\/es\/wp-json\/wp\/v2\/posts\/82952\/revisions"}],"predecessor-version":[{"id":82957,"href":"https:\/\/www.lab.eus\/es\/wp-json\/wp\/v2\/posts\/82952\/revisions\/82957"}],"wp:featuredmedia":[{"embeddable":true,"href":"https:\/\/www.lab.eus\/es\/wp-json\/wp\/v2\/media\/82972"}],"wp:attachment":[{"href":"https:\/\/www.lab.eus\/es\/wp-json\/wp\/v2\/media?parent=82952"}],"wp:term":[{"taxonomy":"category","embeddable":true,"href":"https:\/\/www.lab.eus\/es\/wp-json\/wp\/v2\/categories?post=82952"},{"taxonomy":"post_tag","embeddable":true,"href":"https:\/\/www.lab.eus\/es\/wp-json\/wp\/v2\/tags?post=82952"}],"curies":[{"name":"wp","href":"https:\/\/api.w.org\/{rel}","templated":true}]}}